{"id":176266,"date":"2021-04-08T09:15:38","date_gmt":"2021-04-08T07:15:38","guid":{"rendered":"https:\/\/zjarr.tv\/?p=176266"},"modified":"2021-04-08T09:16:00","modified_gmt":"2021-04-08T07:16:00","slug":"greva-e-albcontrol-rritet-numri-kontrolloreve-te-shoqeruar-ne-polici","status":"publish","type":"post","link":"https:\/\/zjarr.tv\/en\/greva-e-albcontrol-rritet-numri-kontrolloreve-te-shoqeruar-ne-polici\/","title":{"rendered":"Greva e AlbControl\/ Rritet numri kontrollor\u00ebve t\u00eb shoq\u00ebruar n\u00eb polici\u2026"},"content":{"rendered":"<p>Ka Shkuar \u00a0n\u00eb 28, numri i kontrollor\u00ebve t\u00eb shoq\u00ebruar n\u00eb policin\u00eb e Tiran\u00ebs. I pari q\u00eb u shoq\u00ebrua ishte Muhni Mezini. Gazetarja e ABC Xhensila Kodra, \u00ebsht\u00eb shprehur se numri i t\u00eb shoq\u00ebruarve, pritet t\u00eb jet\u00eb m\u00eb i lart\u00eb gjat\u00eb or\u00ebve n\u00eb vijim.<\/p>\n<p>Shoq\u00ebrimet e tyre p\u00ebr t\u2019u marr\u00eb n\u00eb pyetje, jan\u00eb b\u00ebr\u00eb me urdh\u00ebr t\u00eb Prokuroris\u00eb pas kall\u00ebzimit q\u00eb kompania AlbControl b\u00ebri ndaj organizator\u00ebve.<\/p>\n<p>Kujtojm\u00eb se n\u00eb aeroportin e Rinasit, prej m\u00ebngjesit t\u00eb s\u00eb m\u00ebrkur\u00ebs, nuk mund t\u00eb realizohet asnj\u00eb fluturim.<\/p>\n<p>Shkak \u00ebsht\u00eb b\u00ebr\u00eb greva e kontrollor\u00ebve q\u00eb akuzojn\u00eb, se u \u00ebsht\u00eb ulur paga.<\/p>\n<p>&nbsp;<\/p>","protected":false},"excerpt":{"rendered":"<p>Ka Shkuar \u00a0n\u00eb 28, numri i kontrollor\u00ebve t\u00eb shoq\u00ebruar n\u00eb policin\u00eb e Tiran\u00ebs. I pari q\u00eb u shoq\u00ebrua ishte Muhni Mezini. Gazetarja e ABC Xhensila Kodra, \u00ebsht\u00eb shprehur se numri i t\u00eb shoq\u00ebruarve, pritet t\u00eb jet\u00eb m\u00eb i lart\u00eb gjat\u00eb or\u00ebve n\u00eb vijim. Shoq\u00ebrimet e tyre p\u00ebr t\u2019u marr\u00eb n\u00eb pyetje, jan\u00eb b\u00ebr\u00eb me urdh\u00ebr [&hellip;]<\/p>\n","protected":false},"author":2016,"featured_media":176268,"comment_status":"closed","ping_status":"closed","sticky":false,"template":"","format":"standard","meta":{"footnotes":""},"categories":[241],"tags":[2201],"class_list":{"0":"post-176266","1":"post","2":"type-post","3":"status-publish","4":"format-standard","5":"has-post-thumbnail","7":"category-aktualitet","8":"tag-lajme-zjarr-greva-e-albcontrol-zjarr-tv"},"_links":{"self":[{"href":"https:\/\/zjarr.tv\/en\/wp-json\/wp\/v2\/posts\/176266","targetHints":{"allow":["GET"]}}],"collection":[{"href":"https:\/\/zjarr.tv\/en\/wp-json\/wp\/v2\/posts"}],"about":[{"href":"https:\/\/zjarr.tv\/en\/wp-json\/wp\/v2\/types\/post"}],"author":[{"embeddable":true,"href":"https:\/\/zjarr.tv\/en\/wp-json\/wp\/v2\/users\/2016"}],"replies":[{"embeddable":true,"href":"https:\/\/zjarr.tv\/en\/wp-json\/wp\/v2\/comments?post=176266"}],"version-history":[{"count":0,"href":"https:\/\/zjarr.tv\/en\/wp-json\/wp\/v2\/posts\/176266\/revisions"}],"wp:featuredmedia":[{"embeddable":true,"href":"https:\/\/zjarr.tv\/en\/wp-json\/wp\/v2\/media\/176268"}],"wp:attachment":[{"href":"https:\/\/zjarr.tv\/en\/wp-json\/wp\/v2\/media?parent=176266"}],"wp:term":[{"taxonomy":"category","embeddable":true,"href":"https:\/\/zjarr.tv\/en\/wp-json\/wp\/v2\/categories?post=176266"},{"taxonomy":"post_tag","embeddable":true,"href":"https:\/\/zjarr.tv\/en\/wp-json\/wp\/v2\/tags?post=176266"}],"curies":[{"name":"wp","href":"https:\/\/api.w.org\/{rel}","templated":true}]}}