{"id":176270,"date":"2021-04-08T09:30:46","date_gmt":"2021-04-08T07:30:46","guid":{"rendered":"https:\/\/zjarr.tv\/?p=176270"},"modified":"2021-04-08T09:32:56","modified_gmt":"2021-04-08T07:32:56","slug":"aktori-ledio-lako-ben-verejtjen-epike-per-komtrolloret-pse-nuk-pritet-te-ikte-rama-jashte-vendit-dhe-ta-mbyllnit-e-pastaj","status":"publish","type":"post","link":"https:\/\/zjarr.tv\/en\/aktori-ledio-lako-ben-verejtjen-epike-per-komtrolloret-pse-nuk-pritet-te-ikte-rama-jashte-vendit-dhe-ta-mbyllnit-e-pastaj\/","title":{"rendered":"Aktori Ledio Lako  b\u00ebn v\u00ebrejtjen epike p\u00ebr kontrollor\u00ebt: Pse nuk prit\u00ebt t\u00eb ikte Rama jasht\u00eb vendit dhe ta mbyllnit, e pastaj\u2026"},"content":{"rendered":"<p>Lidhur me \u00e7\u00ebshtjen e mbylljes s\u00eb aeroportit t\u00eb Rinasit, mbi shpalljen e paaft\u00ebsis\u00eb p\u00ebr pun\u00eb t\u00eb kontrollor\u00ebve, ka reaguar edhe aktori i njohur Ledio Lako, nd\u00ebrsa i ka b\u00ebr\u00eb dhe nj\u00eb \u201cv\u00ebrejtje\u201d.<\/p>\n<p>N\u00ebp\u00ebrmjet nj\u00eb postimi n\u00eb rrjetet sociale, Lako u \u00ebsht\u00eb drejtuar kontrollor\u00ebve me nj\u00eb pyetje, \u201cPse nuk prit\u00ebt deri sa t\u00eb ikte Edi Rama n\u00eb Turqi apo n\u00eb nj\u00eb shtet Europian dhe pastaj ta mbyllnit\u201d.<\/p>\n<p><em>\u201cK\u00ebta t\u00eb Albcontrol kan\u00eb b\u00ebr\u00eb nj\u00eb gabim! Duhet t\u00eb prisnin sa t\u00eb ikte Rama n\u00eb Turqi apo n\u00eb nj\u00eb shtet Europian dhe pastaj ta mbyllnin! Le t\u00eb vinte me skafin e ndonj\u00ebrit pastaj&#8221;,<\/em>&#8211; k\u00ebshtu shkruan Lako.<\/p>","protected":false},"excerpt":{"rendered":"<p>Lidhur me \u00e7\u00ebshtjen e mbylljes s\u00eb aeroportit t\u00eb Rinasit, mbi shpalljen e paaft\u00ebsis\u00eb p\u00ebr pun\u00eb t\u00eb kontrollor\u00ebve, ka reaguar edhe aktori i njohur Ledio Lako, nd\u00ebrsa i ka b\u00ebr\u00eb dhe nj\u00eb \u201cv\u00ebrejtje\u201d. N\u00ebp\u00ebrmjet nj\u00eb postimi n\u00eb rrjetet sociale, Lako u \u00ebsht\u00eb drejtuar kontrollor\u00ebve me nj\u00eb pyetje, \u201cPse nuk prit\u00ebt deri sa t\u00eb ikte Edi Rama [&hellip;]<\/p>\n","protected":false},"author":2016,"featured_media":176272,"comment_status":"closed","ping_status":"closed","sticky":false,"template":"","format":"standard","meta":{"footnotes":""},"categories":[241,193],"tags":[2202],"class_list":{"0":"post-176270","1":"post","2":"type-post","3":"status-publish","4":"format-standard","5":"has-post-thumbnail","7":"category-aktualitet","8":"category-showbiz","9":"tag-lajme-zjarr-lako-ben-verejtjen-epike-per-komtrolloret-zjarr-tv"},"_links":{"self":[{"href":"https:\/\/zjarr.tv\/en\/wp-json\/wp\/v2\/posts\/176270","targetHints":{"allow":["GET"]}}],"collection":[{"href":"https:\/\/zjarr.tv\/en\/wp-json\/wp\/v2\/posts"}],"about":[{"href":"https:\/\/zjarr.tv\/en\/wp-json\/wp\/v2\/types\/post"}],"author":[{"embeddable":true,"href":"https:\/\/zjarr.tv\/en\/wp-json\/wp\/v2\/users\/2016"}],"replies":[{"embeddable":true,"href":"https:\/\/zjarr.tv\/en\/wp-json\/wp\/v2\/comments?post=176270"}],"version-history":[{"count":0,"href":"https:\/\/zjarr.tv\/en\/wp-json\/wp\/v2\/posts\/176270\/revisions"}],"wp:featuredmedia":[{"embeddable":true,"href":"https:\/\/zjarr.tv\/en\/wp-json\/wp\/v2\/media\/176272"}],"wp:attachment":[{"href":"https:\/\/zjarr.tv\/en\/wp-json\/wp\/v2\/media?parent=176270"}],"wp:term":[{"taxonomy":"category","embeddable":true,"href":"https:\/\/zjarr.tv\/en\/wp-json\/wp\/v2\/categories?post=176270"},{"taxonomy":"post_tag","embeddable":true,"href":"https:\/\/zjarr.tv\/en\/wp-json\/wp\/v2\/tags?post=176270"}],"curies":[{"name":"wp","href":"https:\/\/api.w.org\/{rel}","templated":true}]}}