{"id":176275,"date":"2021-04-08T09:42:24","date_gmt":"2021-04-08T07:42:24","guid":{"rendered":"https:\/\/zjarr.tv\/?p=176275"},"modified":"2021-04-08T09:47:07","modified_gmt":"2021-04-08T07:47:07","slug":"zbulohet-vendimi-i-mbledhjes-ne-oret-e-vona-te-nates-rama-autorizon-ballukun-te-zevendesoje-kontrolloret","status":"publish","type":"post","link":"https:\/\/zjarr.tv\/en\/zbulohet-vendimi-i-mbledhjes-ne-oret-e-vona-te-nates-rama-autorizon-ballukun-te-zevendesoje-kontrolloret\/","title":{"rendered":"Zbulohet vendimi i mbledhjes n\u00eb or\u00ebt e vona t\u00eb nat\u00ebs\/ Rama autorizon Ballukun t\u00eb z\u00ebvend\u00ebsoj\u00eb kontrollor\u00ebt\u2026"},"content":{"rendered":"<p>Ministri i Mbrojtjes Niko Peleshi, ka folur p\u00ebr \u201cVizion Plus\u201d, vendimin e marr\u00eb gjat\u00eb or\u00ebve t\u00eb vona, n\u00eb mbledhjen e Komitetit t\u00eb Mbrojtjes Civile.<\/p>\n<p>N\u00eb nj\u00eb intervist\u00eb p\u00ebr emisionin \u201c7 pa 5\u201d, Peleshi deklaroi p\u00ebr her\u00eb t\u00eb par\u00eb se Ministrja e Infrastruktur\u00ebs Belinda Balluku, \u00ebsht\u00eb autorizuar p\u00ebr t\u00eb b\u00ebr\u00eb z\u00ebvend\u00ebsimin e kontrollor\u00ebve. P\u00ebrball\u00eb gazetarit Thimi Samarxhiu, ai siguroi se do t\u00eb merret \u00e7do mas\u00eb, p\u00ebr t\u00eb rinisur sa m\u00eb par\u00eb puna.<\/p>\n<p>\u201cDua t\u00eb b\u00ebj me dije p\u00ebr her\u00eb t\u00eb par\u00eb n\u00eb media di\u00e7ka. Ministri i Mbrojtjes \u00ebsht\u00eb edhe drejtues i Komitetit t\u00eb Mbrojtjes Civile dhe kam thirrur n\u00eb or\u00ebt e vona, nj\u00eb takim t\u00eb Komitetit t\u00eb Mbrojtjes Civile. Ky Komitet i p\u00ebrb\u00ebr\u00eb nga disa Ministra, ka marr\u00eb nj\u00eb vendim me tre pika.<\/p>\n<p>Pika e par\u00eb ngarkon Ministrin e Infrastruktur\u00ebs dhe Energjis\u00eb, p\u00ebr marrjen e masave t\u00eb nevojshme p\u00ebr t\u00eb b\u00ebr\u00eb t\u00eb mundur rikthimin e pun\u00ebs, qoft\u00eb edhe duke z\u00ebvend\u00ebsuar e kontrollor\u00ebt, qoft\u00eb me t\u00eb huaj, qoft\u00eb me vendas; t\u00eb p\u00ebrcaktoj\u00eb kriteret e licencimit p\u00ebr t\u00eb rinisur fluturimet sa m\u00eb par\u00eb dhe t\u00eb b\u00ebhet \u00e7far\u00eb \u00ebsht\u00eb e nevojshme, p\u00ebr rifillimin gradual t\u00eb pun\u00ebs. Nuk mund t\u00eb rrim\u00eb n\u00eb vend, nuk mund t\u00eb ngelemi peng i loj\u00ebs politike, do t\u00eb kryej deri n\u00eb fund detyr\u00ebn time si Minist\u00ebr, nisur nga rezultati i k\u00ebtij Komiteti, Ministrja Balluku ngarkohet p\u00ebr t\u00eb b\u00ebr\u00eb gjith\u00e7ka p\u00ebr t\u00eb rifilluar pun\u00ebn. \u00a0Njer\u00ebzit kan\u00eb shum\u00eb pik\u00ebpyetje kur do t\u00eb vijn\u00eb, kur do t\u00eb ikin, priten vaksinat, e kemi vler\u00ebsuar si nj\u00eb k\u00ebrc\u00ebnim p\u00ebr Mbrojtjen Civile dhe kemi marr\u00eb k\u00ebt\u00eb vendim.\u201d<\/p>\n<p>Qysh prej t\u00eb m\u00ebrkur\u00ebs, fluturimet n\u00eb Rinas, jan\u00eb pezulluar p\u00ebr shkak t\u00eb protest\u00ebs s\u00eb kontrollor\u00ebve, q\u00eb kund\u00ebrshtojn\u00eb uljen e pag\u00ebs prej pandemis\u00eb.<\/p>\n<p>&nbsp;<\/p>","protected":false},"excerpt":{"rendered":"<p>Ministri i Mbrojtjes Niko Peleshi, ka folur p\u00ebr \u201cVizion Plus\u201d, vendimin e marr\u00eb gjat\u00eb or\u00ebve t\u00eb vona, n\u00eb mbledhjen e Komitetit t\u00eb Mbrojtjes Civile. N\u00eb nj\u00eb intervist\u00eb p\u00ebr emisionin \u201c7 pa 5\u201d, Peleshi deklaroi p\u00ebr her\u00eb t\u00eb par\u00eb se Ministrja e Infrastruktur\u00ebs Belinda Balluku, \u00ebsht\u00eb autorizuar p\u00ebr t\u00eb b\u00ebr\u00eb z\u00ebvend\u00ebsimin e kontrollor\u00ebve. P\u00ebrball\u00eb gazetarit Thimi [&hellip;]<\/p>\n","protected":false},"author":2016,"featured_media":176278,"comment_status":"closed","ping_status":"closed","sticky":false,"template":"","format":"standard","meta":{"footnotes":""},"categories":[241],"tags":[2203],"class_list":{"0":"post-176275","1":"post","2":"type-post","3":"status-publish","4":"format-standard","5":"has-post-thumbnail","7":"category-aktualitet","8":"tag-lajme-zjarr-rama-autorizon-ballukun-te-zevendesoje-kontrolloret-zjarr-tv"},"_links":{"self":[{"href":"https:\/\/zjarr.tv\/en\/wp-json\/wp\/v2\/posts\/176275","targetHints":{"allow":["GET"]}}],"collection":[{"href":"https:\/\/zjarr.tv\/en\/wp-json\/wp\/v2\/posts"}],"about":[{"href":"https:\/\/zjarr.tv\/en\/wp-json\/wp\/v2\/types\/post"}],"author":[{"embeddable":true,"href":"https:\/\/zjarr.tv\/en\/wp-json\/wp\/v2\/users\/2016"}],"replies":[{"embeddable":true,"href":"https:\/\/zjarr.tv\/en\/wp-json\/wp\/v2\/comments?post=176275"}],"version-history":[{"count":0,"href":"https:\/\/zjarr.tv\/en\/wp-json\/wp\/v2\/posts\/176275\/revisions"}],"wp:featuredmedia":[{"embeddable":true,"href":"https:\/\/zjarr.tv\/en\/wp-json\/wp\/v2\/media\/176278"}],"wp:attachment":[{"href":"https:\/\/zjarr.tv\/en\/wp-json\/wp\/v2\/media?parent=176275"}],"wp:term":[{"taxonomy":"category","embeddable":true,"href":"https:\/\/zjarr.tv\/en\/wp-json\/wp\/v2\/categories?post=176275"},{"taxonomy":"post_tag","embeddable":true,"href":"https:\/\/zjarr.tv\/en\/wp-json\/wp\/v2\/tags?post=176275"}],"curies":[{"name":"wp","href":"https:\/\/api.w.org\/{rel}","templated":true}]}}