{"id":176284,"date":"2021-04-08T10:10:39","date_gmt":"2021-04-08T08:10:39","guid":{"rendered":"https:\/\/zjarr.tv\/?p=176284"},"modified":"2021-04-08T10:11:56","modified_gmt":"2021-04-08T08:11:56","slug":"flet-kontrollori-lako-me-bajten-8-ore-ne-komisariat-me-sekuestruan-telefonin-dhe-ishim-pa","status":"publish","type":"post","link":"https:\/\/zjarr.tv\/en\/flet-kontrollori-lako-me-bajten-8-ore-ne-komisariat-me-sekuestruan-telefonin-dhe-ishim-pa\/","title":{"rendered":"Flet kontrollori Lako: M\u00eb bajt\u00ebn 8 or\u00eb n\u00eb komisariat, m\u00eb sekuestruan telefonin dhe ishim pa\u2026"},"content":{"rendered":"<p>Mbr\u00ebmjen e djeshme, Policia e Shtetit nisi shoq\u00ebrimin ndaj punonj\u00ebsve t\u00eb Albcontroll, t\u00eb cil\u00ebt prej dit\u00ebs s\u00eb djeshme, kishin shpallur paaft\u00ebsin\u00eb e p\u00ebrkohshme p\u00ebr pun\u00eb, nj\u00eb klauzol\u00eb t\u00eb cil\u00ebn ua njeh kontrata q\u00eb n\u00ebnshkrojn\u00eb dhe ligji. Kan\u00eb qen\u00eb 24 kontrollor\u00ebt q\u00eb jan\u00eb shoq\u00ebruar n\u00eb mesnat\u00eb, nd\u00ebrsa derim\u00eb tani, jan\u00eb l\u00ebn\u00eb t\u00eb lir\u00eb vet\u00ebm 4 prej\u00a0 tyre.N\u00eb mesin e t\u00eb shoq\u00ebruarve \u00ebsht\u00eb edhe Pirro Lako, i cili ka th\u00ebn\u00eb p\u00ebr mediat se i kan\u00eb sekuestruar telefonin dhe se brenda n\u00eb komisariat, u ishte mohuar e drejta e mbrojtjes.<\/p>\n<p>Sa or\u00eb q\u00ebndruat i shoq\u00ebruar n\u00eb Drejtorin\u00eb e Tiran\u00ebs?<\/p>\n<p>Lako: Q\u00eb nga ora 11 e dark\u00ebs.<\/p>\n<p>\u00c7far\u00eb ju komunikua?<\/p>\n<p>Lako: Thjesht p\u00ebr nj\u00eb pyetje, plot\u00ebsoni deklarat\u00ebn p\u00ebr veprimet tona, pse deklaruam paaft\u00ebsin\u00eb. Mua m\u00eb b\u00ebn\u00eb pyetje t\u00eb thjeshta, thjesht m\u00eb kan\u00eb mbajtur telefonin, nuk e di pse. Nuk e di a kan\u00eb t\u00eb drejt\u00eb ta hapin telefonin dhe ta mbajn\u00eb, por aty jemi pambrojt.<\/p>\n<p>Firmos\u00ebt di\u00e7ka? Lako: Firmosa deklarat\u00ebn dhe nj\u00eb procesverbal p\u00ebr telefonin. Telefoni \u00ebsht\u00eb aktualisht i sekuestruar? Lako: Po i sekuestruar. Nuk e di, nuk \u00ebsht\u00eb se t\u00eb thon\u00eb shum\u00eb, thjesht do kaloj\u00eb n\u00eb prokurori.<\/p>\n<p>&nbsp;<\/p>","protected":false},"excerpt":{"rendered":"<p>Mbr\u00ebmjen e djeshme, Policia e Shtetit nisi shoq\u00ebrimin ndaj punonj\u00ebsve t\u00eb Albcontroll, t\u00eb cil\u00ebt prej dit\u00ebs s\u00eb djeshme, kishin shpallur paaft\u00ebsin\u00eb e p\u00ebrkohshme p\u00ebr pun\u00eb, nj\u00eb klauzol\u00eb t\u00eb cil\u00ebn ua njeh kontrata q\u00eb n\u00ebnshkrojn\u00eb dhe ligji. Kan\u00eb qen\u00eb 24 kontrollor\u00ebt q\u00eb jan\u00eb shoq\u00ebruar n\u00eb mesnat\u00eb, nd\u00ebrsa derim\u00eb tani, jan\u00eb l\u00ebn\u00eb t\u00eb lir\u00eb vet\u00ebm 4 prej\u00a0 [&hellip;]<\/p>\n","protected":false},"author":2016,"featured_media":176287,"comment_status":"closed","ping_status":"closed","sticky":false,"template":"","format":"standard","meta":{"footnotes":""},"categories":[241],"tags":[2205],"class_list":{"0":"post-176284","1":"post","2":"type-post","3":"status-publish","4":"format-standard","5":"has-post-thumbnail","7":"category-aktualitet","8":"tag-lajme-zjarr-flet-kontrollori-lako-zjarr-tv"},"_links":{"self":[{"href":"https:\/\/zjarr.tv\/en\/wp-json\/wp\/v2\/posts\/176284","targetHints":{"allow":["GET"]}}],"collection":[{"href":"https:\/\/zjarr.tv\/en\/wp-json\/wp\/v2\/posts"}],"about":[{"href":"https:\/\/zjarr.tv\/en\/wp-json\/wp\/v2\/types\/post"}],"author":[{"embeddable":true,"href":"https:\/\/zjarr.tv\/en\/wp-json\/wp\/v2\/users\/2016"}],"replies":[{"embeddable":true,"href":"https:\/\/zjarr.tv\/en\/wp-json\/wp\/v2\/comments?post=176284"}],"version-history":[{"count":0,"href":"https:\/\/zjarr.tv\/en\/wp-json\/wp\/v2\/posts\/176284\/revisions"}],"wp:featuredmedia":[{"embeddable":true,"href":"https:\/\/zjarr.tv\/en\/wp-json\/wp\/v2\/media\/176287"}],"wp:attachment":[{"href":"https:\/\/zjarr.tv\/en\/wp-json\/wp\/v2\/media?parent=176284"}],"wp:term":[{"taxonomy":"category","embeddable":true,"href":"https:\/\/zjarr.tv\/en\/wp-json\/wp\/v2\/categories?post=176284"},{"taxonomy":"post_tag","embeddable":true,"href":"https:\/\/zjarr.tv\/en\/wp-json\/wp\/v2\/tags?post=176284"}],"curies":[{"name":"wp","href":"https:\/\/api.w.org\/{rel}","templated":true}]}}