{"id":176302,"date":"2021-04-08T11:16:27","date_gmt":"2021-04-08T09:16:27","guid":{"rendered":"https:\/\/zjarr.tv\/?p=176302"},"modified":"2021-04-08T11:16:58","modified_gmt":"2021-04-08T09:16:58","slug":"gazetarja-reagon-ashper-per-autorizimin-e-ballukut-per-te-marre-kontrollore-nga-jashte-jeta-e-pasagjereve-sngaterrohet-me-sahane-turq-nuk-njohin-relievin-shqiptar","status":"publish","type":"post","link":"https:\/\/zjarr.tv\/en\/gazetarja-reagon-ashper-per-autorizimin-e-ballukut-per-te-marre-kontrollore-nga-jashte-jeta-e-pasagjereve-sngaterrohet-me-sahane-turq-nuk-njohin-relievin-shqiptar\/","title":{"rendered":"Gazetarja reagon ashp\u00ebr p\u00ebr autorizimin e Ballukut p\u00ebr t\u00eb marr\u00eb kontrollor\u00eb nga jasht\u00eb: Jeta e pasagjer\u00ebve s\u2019ngat\u00ebrrohet me \u201csahan\u00eb turq\u201d, nuk njohin relievin shqiptar\u2026"},"content":{"rendered":"<p>Nd\u00ebrkoh\u00eb q\u00eb Ministrja Belinda Balluku, \u00ebsht\u00eb autorizuar t\u00eb z\u00ebvend\u00ebsoj\u00eb kontrollor\u00ebt q\u00eb kan\u00eb shpallur paaft\u00ebsi t\u00eb p\u00ebrkohshme, me kontrollor\u00eb nga jasht\u00eb vendit, kjo mund t\u00eb sillte pasoja t\u00eb rrezikshme p\u00ebr jet\u00ebt e pasagjer\u00ebve t\u00eb transportit ajror.<\/p>\n<p>Gazetarja Aranita Brahaj, n\u00eb nj\u00eb postim n\u00eb rrjetet sociale, thot\u00eb se jeta e pasagjer\u00ebve nuk mund t\u00eb ngelet n\u00eb dor\u00eb t\u00eb kontrollor\u00ebve turq, p\u00ebr shkak se ata pavar\u00ebsisht aft\u00ebsive q\u00eb mund t\u00eb ken\u00eb, nuk e njohin relievin shqiptar. Gazetarja shton se jo \u00e7do sektor n\u00eb vendin tone, mund t\u00eb menaxhohet n\u00eb m\u00ebnyr\u00eb provizore, me zgjidhje \u201calla Rama\u201d.<\/p>\n<p><strong>Postimi i plot\u00eb i Brahajt:<\/strong><\/p>\n<p><em>Jeta e pasagjereve nuk ngat\u00ebrrohet me \u201csahane turq\u201d<\/em><em>Nese Shteti e Zgjidh me Kontrollor Turq, duhen jave trajnim per ti mesuar karakteristika te relievit dhe ajrit shqiptar. Plus nese EuroControl perligj qendrimin e Kontrolloreve Shqiptar asnje kontrollor i licensuar nuk do te pranoje te beje pune vullnetare per Aeroportin tone. <\/em><em>Shume i rezikshem per jeten e pasagjereve \u00e7do huamarrje e burimeve njerzore qe nuk njohin hapairat e Rinasit. Nuk ngatarrohen sahanet me Turkun per cdo gje. Jo \u00e7do sektor menaxhohet allaRama.<\/em><\/p>\n<p>N\u00eb nj\u00eb njoftim t\u00eb dh\u00ebn\u00eb pak minuta m\u00eb pare, nga Organizata Nd\u00ebrkomb\u00ebtare e Aviacionit Civil (ICAO), Aerporti i Rinasit, do t\u00eb q\u00ebndroj\u00eb i mbyllur t\u00eb pakt\u00ebn deri n\u00eb or\u00ebn 15:00 t\u00eb pasdites s\u00eb sotme, nd\u00ebrkoh\u00eb q\u00eb disa prej qytetar\u00ebve jan\u00eb njoftuar se pasdite mund t\u00eb nisin fluturimet.<\/p>\n<p>&nbsp;<\/p>","protected":false},"excerpt":{"rendered":"<p>Nd\u00ebrkoh\u00eb q\u00eb Ministrja Belinda Balluku, \u00ebsht\u00eb autorizuar t\u00eb z\u00ebvend\u00ebsoj\u00eb kontrollor\u00ebt q\u00eb kan\u00eb shpallur paaft\u00ebsi t\u00eb p\u00ebrkohshme, me kontrollor\u00eb nga jasht\u00eb vendit, kjo mund t\u00eb sillte pasoja t\u00eb rrezikshme p\u00ebr jet\u00ebt e pasagjer\u00ebve t\u00eb transportit ajror. Gazetarja Aranita Brahaj, n\u00eb nj\u00eb postim n\u00eb rrjetet sociale, thot\u00eb se jeta e pasagjer\u00ebve nuk mund t\u00eb ngelet n\u00eb dor\u00eb [&hellip;]<\/p>\n","protected":false},"author":2016,"featured_media":176309,"comment_status":"closed","ping_status":"closed","sticky":false,"template":"","format":"standard","meta":{"footnotes":""},"categories":[241],"tags":[2209],"class_list":{"0":"post-176302","1":"post","2":"type-post","3":"status-publish","4":"format-standard","5":"has-post-thumbnail","7":"category-aktualitet","8":"tag-lajme-zjarr-gazetarja-reagon-ashper-zjarr-tv"},"_links":{"self":[{"href":"https:\/\/zjarr.tv\/en\/wp-json\/wp\/v2\/posts\/176302","targetHints":{"allow":["GET"]}}],"collection":[{"href":"https:\/\/zjarr.tv\/en\/wp-json\/wp\/v2\/posts"}],"about":[{"href":"https:\/\/zjarr.tv\/en\/wp-json\/wp\/v2\/types\/post"}],"author":[{"embeddable":true,"href":"https:\/\/zjarr.tv\/en\/wp-json\/wp\/v2\/users\/2016"}],"replies":[{"embeddable":true,"href":"https:\/\/zjarr.tv\/en\/wp-json\/wp\/v2\/comments?post=176302"}],"version-history":[{"count":0,"href":"https:\/\/zjarr.tv\/en\/wp-json\/wp\/v2\/posts\/176302\/revisions"}],"wp:featuredmedia":[{"embeddable":true,"href":"https:\/\/zjarr.tv\/en\/wp-json\/wp\/v2\/media\/176309"}],"wp:attachment":[{"href":"https:\/\/zjarr.tv\/en\/wp-json\/wp\/v2\/media?parent=176302"}],"wp:term":[{"taxonomy":"category","embeddable":true,"href":"https:\/\/zjarr.tv\/en\/wp-json\/wp\/v2\/categories?post=176302"},{"taxonomy":"post_tag","embeddable":true,"href":"https:\/\/zjarr.tv\/en\/wp-json\/wp\/v2\/tags?post=176302"}],"curies":[{"name":"wp","href":"https:\/\/api.w.org\/{rel}","templated":true}]}}