{"id":176315,"date":"2021-04-08T11:21:34","date_gmt":"2021-04-08T09:21:34","guid":{"rendered":"https:\/\/zjarr.tv\/?p=176315"},"modified":"2021-04-08T11:21:34","modified_gmt":"2021-04-08T09:21:34","slug":"ramen-e-qerasin-me-llokume-ne-dropull-kryeministri-i-pershendet-qytetaret-greqisht-kalimera","status":"publish","type":"post","link":"https:\/\/zjarr.tv\/en\/ramen-e-qerasin-me-llokume-ne-dropull-kryeministri-i-pershendet-qytetaret-greqisht-kalimera\/","title":{"rendered":"Ram\u00ebn e qerasin me llokume n\u00eb Dropull, kryeministri i p\u00ebrsh\u00ebndet qytetar\u00ebt greqisht: Kalimera"},"content":{"rendered":"<p>Kryeministri Edi Rama dit\u00ebn e sotme ndodhet n\u00eb Dropull t\u00eb Gjirokast\u00ebr. Rama \u00ebsht\u00eb qerasur me llokume nga dy vajza t\u00eb veshura me veshjet tradicionale t\u00eb k\u00ebsaj zone minoritare.<\/p>\n<p>Kryeministri teksa ka nisur fjal\u00ebn e tij i ka p\u00ebrsh\u00ebndetur n\u00eb greqisht qytetar\u00ebt, \u201ckalimera\u201d (mir\u00ebm\u00ebngjes) tha ai.<\/p>\n<p>Nd\u00ebr t\u00eb tjera gjat\u00eb fjal\u00ebs s\u00eb tij tha se kjo qeveri ka b\u00ebr\u00eb p\u00ebr trash\u00ebgimin\u00eb kulturore m\u00eb shum\u00eb sa \u00e7ka b\u00ebr\u00eb qeverin\u00eb e kaluara t\u00eb gjitha bashk\u00eb.<\/p>\n<p>\u201c<em>Kalimera. Shum\u00eb faleminderit q\u00eb jeni k\u00ebtu dhe m\u00eb lejoni t\u00eb shpreh k\u00ebnaq\u00ebsi q\u00eb t\u00eb rikthehem n\u00eb Dropull. Dhe p\u00ebr m\u00eb tep\u00ebr n\u00eb k\u00ebt\u00eb natyr\u00eb, n\u00eb k\u00ebt\u00eb xhevahir t\u00eb natyr\u00ebs ton\u00eb. Thesare t\u00eb trash\u00ebguara dhe p\u00ebr shum\u00eb vite t\u00eb braktisura nga injoranca n\u00eb Tiran\u00eb. Arrit\u00ebm t\u00eb b\u00ebjm\u00eb p\u00ebr trash\u00ebgimin\u00eb ton\u00eb kulturore m\u00eb shum\u00eb se t\u00eb gjith\u00eb paraardh\u00ebsit dhe qeverit\u00eb.<\/em><\/p>\n<p><em>Kultura dhe arti dhe trash\u00ebgimia kulturore mund t\u00eb mbeten n\u00eb harres\u00eb, por nue nuk i lam\u00eb. B\u00ebm\u00eb cmos, q\u00eb ti kthejm\u00eb shk\u00eblqimin e humbur. Sot kjo kish\u00eb \u00ebsht\u00eb nj\u00eb arsye p\u00ebr t\u00eb ardhur k\u00ebtu, si ajo ka plot rreth e rrotull. Ka plot arsye p\u00ebr t\u00eb vizituar Gjirokastr\u00ebn, P\u00ebrmetin, t\u00eb gjitha pjes\u00ebt e k\u00ebtij qarku, duke dh\u00ebn\u00eb k\u00ebshtu mund\u00ebsi t\u00eb reja p\u00ebr t\u00eb dh\u00ebn\u00eb mik\u00ebpritje. T\u00eb ngrehen bujtina, t\u00eb fitojn\u00eb t\u00eb ardhura cdo vit e m\u00eb t\u00eb konsidurueshme,\u201d<\/em> tha Rama nd\u00ebr t\u00eb tjera.<\/p>","protected":false},"excerpt":{"rendered":"<p>Kryeministri Edi Rama dit\u00ebn e sotme ndodhet n\u00eb Dropull t\u00eb Gjirokast\u00ebr. Rama \u00ebsht\u00eb qerasur me llokume nga dy vajza t\u00eb veshura me veshjet tradicionale t\u00eb k\u00ebsaj zone minoritare. Kryeministri teksa ka nisur fjal\u00ebn e tij i ka p\u00ebrsh\u00ebndetur n\u00eb greqisht qytetar\u00ebt, \u201ckalimera\u201d (mir\u00ebm\u00ebngjes) tha ai. Nd\u00ebr t\u00eb tjera gjat\u00eb fjal\u00ebs s\u00eb tij tha se kjo [&hellip;]<\/p>\n","protected":false},"author":2030,"featured_media":176316,"comment_status":"closed","ping_status":"closed","sticky":false,"template":"","format":"standard","meta":{"footnotes":""},"categories":[241,1454],"tags":[451,2210,288],"class_list":{"0":"post-176315","1":"post","2":"type-post","3":"status-publish","4":"format-standard","5":"has-post-thumbnail","7":"category-aktualitet","8":"category-politike","9":"tag-lajme-zjarr","10":"tag-ramen-e-qerasin-me-llokume-ne-dropull","11":"tag-zjarr-televizion"},"_links":{"self":[{"href":"https:\/\/zjarr.tv\/en\/wp-json\/wp\/v2\/posts\/176315","targetHints":{"allow":["GET"]}}],"collection":[{"href":"https:\/\/zjarr.tv\/en\/wp-json\/wp\/v2\/posts"}],"about":[{"href":"https:\/\/zjarr.tv\/en\/wp-json\/wp\/v2\/types\/post"}],"author":[{"embeddable":true,"href":"https:\/\/zjarr.tv\/en\/wp-json\/wp\/v2\/users\/2030"}],"replies":[{"embeddable":true,"href":"https:\/\/zjarr.tv\/en\/wp-json\/wp\/v2\/comments?post=176315"}],"version-history":[{"count":0,"href":"https:\/\/zjarr.tv\/en\/wp-json\/wp\/v2\/posts\/176315\/revisions"}],"wp:featuredmedia":[{"embeddable":true,"href":"https:\/\/zjarr.tv\/en\/wp-json\/wp\/v2\/media\/176316"}],"wp:attachment":[{"href":"https:\/\/zjarr.tv\/en\/wp-json\/wp\/v2\/media?parent=176315"}],"wp:term":[{"taxonomy":"category","embeddable":true,"href":"https:\/\/zjarr.tv\/en\/wp-json\/wp\/v2\/categories?post=176315"},{"taxonomy":"post_tag","embeddable":true,"href":"https:\/\/zjarr.tv\/en\/wp-json\/wp\/v2\/tags?post=176315"}],"curies":[{"name":"wp","href":"https:\/\/api.w.org\/{rel}","templated":true}]}}