{"id":176319,"date":"2021-04-08T11:26:50","date_gmt":"2021-04-08T09:26:50","guid":{"rendered":"https:\/\/zjarr.tv\/?p=176319"},"modified":"2021-04-08T11:27:37","modified_gmt":"2021-04-08T09:27:37","slug":"niko-peleshi-kontrolloret-do-te-zevendesohen-me-shqiptare-e-te-huaj","status":"publish","type":"post","link":"https:\/\/zjarr.tv\/en\/niko-peleshi-kontrolloret-do-te-zevendesohen-me-shqiptare-e-te-huaj\/","title":{"rendered":"Niko Peleshi: Kontrollor\u00ebt do t\u00eb z\u00ebvend\u00ebsohen me shqiptar\u00eb e t\u00eb huaj\u2026"},"content":{"rendered":"<p>Dit\u00ebn e djeshme, Ministri i Mbrojtjes Niko Peledhi, ka thirrur n\u00eb nj\u00eb takim, Komitetin e Mbrojtjes Civile.<\/p>\n<p>N\u00eb k\u00ebt\u00eb takim, Komiteti i Mbrojtjes Civile, autorizon Ministren e Infrastruktur\u00ebs dhe Energjis\u00eb, Belinda Balluku, q\u00eb t\u00eb marr\u00eb masa n\u00eb lidhje me \u00e7\u00ebshtjen grev\u00ebn e kontrollor\u00ebve t\u00eb AlbControl n\u00eb Rinas dhe rikthimin e pun\u00ebs.<\/p>\n<p>Nd\u00ebrkoh\u00eb, Ministri i Mbrojtjes Niko Peleshi, n\u00eb intervist\u00eb televizive n\u00eb Vizion Plus dha sot detaje nga mbledhja.<\/p>\n<p>\u201cDua t\u00eb b\u00ebj me dije p\u00ebr her\u00eb t\u00eb par\u00eb n\u00eb media di\u00e7ka. Ministri i Mbrojtjes \u00ebsht\u00eb edhe drejtues i Komitetit t\u00eb Mbrojtjes Civile dhe kam thirrur n\u00eb or\u00ebt e vona nj\u00eb takim t\u00eb Komitetit t\u00eb Mbrojtjes Civile. Ky Komitet i p\u00ebrb\u00ebr\u00eb nga disa ministra, ka marr\u00eb nj\u00eb vendim me tre pika. Pika e par\u00eb ngarkon ministrin e Infrastruktur\u00ebs dhe Energjis\u00eb p\u00ebr marrjen e masave t\u00eb nevojshme p\u00ebr t\u00eb b\u00ebr\u00eb t\u00eb mundur rikthimin e pun\u00ebs, qoft\u00eb edhe duke z\u00ebvend\u00ebsuar e kontrollor\u00ebt, qoft\u00eb me t\u00eb huaj, qoft\u00eb me vendas; t\u00eb p\u00ebrcaktoj\u00eb kriteret e licencimit p\u00ebr t\u00eb rinisur fluturimet sa m\u00eb par\u00eb dhe t\u00eb b\u00ebhet \u00e7far\u00eb \u00ebsht\u00eb e nevojshme p\u00ebr rifillimin gradual t\u00eb pun\u00ebs. Nuk mund t\u00eb rrim\u00eb n\u00eb vend, nuk mund t\u00eb ngelemi peng i loj\u00ebs politike, do t\u00eb kryej deri n\u00eb fund detyr\u00ebn time si minist\u00ebr, nisur nga rezultati i k\u00ebtij Komiteti, ministrja Balluku ngarkohet p\u00ebr t\u00eb b\u00ebr\u00eb gjith\u00e7ka p\u00ebr t\u00eb rifilluar pun\u00ebn. Njer\u00ebzit kan\u00eb shum\u00eb pik\u00ebpyetje kur do t\u00eb vijn\u00eb, kur do t\u00eb ikin, priten vaksinat, e kemi vler\u00ebsuar si nj\u00eb k\u00ebrc\u00ebnim p\u00ebr Mbrojtjen Civile dhe kemi marr\u00eb k\u00ebt\u00eb vendim\u201d, tha Peleshi.<\/p>\n<p>Fluturimet n\u00eb Aeroportin \u201cN\u00ebn\u00eb Tereza\u201d jan\u00eb pezulluar q\u00eb prej dit\u00ebs s\u00eb djeshme, p\u00ebr shkak t\u00eb protest\u00ebs s\u00eb kontrollor\u00ebve, t\u00eb cil\u00ebt nd\u00ebrpren\u00eb pun\u00ebn nj\u00eb dit\u00eb m\u00eb par\u00eb pasi k\u00ebrkojn\u00eb rikthimin e pag\u00ebs n\u00eb nivelet q\u00eb e kan\u00eb pasur, kushte m\u00eb t\u00eb mira pune dhe rikthimin n\u00eb detyr\u00eb t\u00eb disa koleg\u00ebve p\u00ebr t\u00eb cil\u00ebt ka nisur procedura e shkarkimit.<\/p>\n<p>&nbsp;<\/p>","protected":false},"excerpt":{"rendered":"<p>Dit\u00ebn e djeshme, Ministri i Mbrojtjes Niko Peledhi, ka thirrur n\u00eb nj\u00eb takim, Komitetin e Mbrojtjes Civile. N\u00eb k\u00ebt\u00eb takim, Komiteti i Mbrojtjes Civile, autorizon Ministren e Infrastruktur\u00ebs dhe Energjis\u00eb, Belinda Balluku, q\u00eb t\u00eb marr\u00eb masa n\u00eb lidhje me \u00e7\u00ebshtjen grev\u00ebn e kontrollor\u00ebve t\u00eb AlbControl n\u00eb Rinas dhe rikthimin e pun\u00ebs. Nd\u00ebrkoh\u00eb, Ministri i Mbrojtjes [&hellip;]<\/p>\n","protected":false},"author":2016,"featured_media":176321,"comment_status":"closed","ping_status":"closed","sticky":false,"template":"","format":"standard","meta":{"footnotes":""},"categories":[241],"tags":[876],"class_list":{"0":"post-176319","1":"post","2":"type-post","3":"status-publish","4":"format-standard","5":"has-post-thumbnail","7":"category-aktualitet","8":"tag-lajme-zjarr-flet-niko-peleshi-zjarr-tv"},"_links":{"self":[{"href":"https:\/\/zjarr.tv\/en\/wp-json\/wp\/v2\/posts\/176319","targetHints":{"allow":["GET"]}}],"collection":[{"href":"https:\/\/zjarr.tv\/en\/wp-json\/wp\/v2\/posts"}],"about":[{"href":"https:\/\/zjarr.tv\/en\/wp-json\/wp\/v2\/types\/post"}],"author":[{"embeddable":true,"href":"https:\/\/zjarr.tv\/en\/wp-json\/wp\/v2\/users\/2016"}],"replies":[{"embeddable":true,"href":"https:\/\/zjarr.tv\/en\/wp-json\/wp\/v2\/comments?post=176319"}],"version-history":[{"count":0,"href":"https:\/\/zjarr.tv\/en\/wp-json\/wp\/v2\/posts\/176319\/revisions"}],"wp:featuredmedia":[{"embeddable":true,"href":"https:\/\/zjarr.tv\/en\/wp-json\/wp\/v2\/media\/176321"}],"wp:attachment":[{"href":"https:\/\/zjarr.tv\/en\/wp-json\/wp\/v2\/media?parent=176319"}],"wp:term":[{"taxonomy":"category","embeddable":true,"href":"https:\/\/zjarr.tv\/en\/wp-json\/wp\/v2\/categories?post=176319"},{"taxonomy":"post_tag","embeddable":true,"href":"https:\/\/zjarr.tv\/en\/wp-json\/wp\/v2\/tags?post=176319"}],"curies":[{"name":"wp","href":"https:\/\/api.w.org\/{rel}","templated":true}]}}