{"id":176326,"date":"2021-04-08T11:35:44","date_gmt":"2021-04-08T09:35:44","guid":{"rendered":"https:\/\/zjarr.tv\/?p=176326"},"modified":"2021-04-08T11:35:58","modified_gmt":"2021-04-08T09:35:58","slug":"edi-rama-ca-presidenti-eshte-ky-mo-ca-presidenti-jane-terbuar-fare-se-pse-ne-po-vaksinojme-njerezit","status":"publish","type":"post","link":"https:\/\/zjarr.tv\/en\/edi-rama-ca-presidenti-eshte-ky-mo-ca-presidenti-jane-terbuar-fare-se-pse-ne-po-vaksinojme-njerezit\/","title":{"rendered":"Edi Rama: \u00c7\u2019a Presidenti \u00ebsht\u00eb ky mo, \u00e7\u2019a Presidenti, jan\u00eb t\u00ebrbuar fare se pse ne po vaksinojm\u00eb njer\u00ebzit\u2026"},"content":{"rendered":"<p><em>\u00c7\u2019a presidenti \u00ebsht\u00eb ky mo, \u00e7far\u00eb presidenti, shkon e thot\u00eb q\u00eb do e b\u00ebj\u00eb konferenc\u00ebn n\u00eb Aerportin e Vlo\u00ebs, \u00e7\u2019president \u00ebsht\u00eb ky?! Si mund t\u00eb jemi t\u00eb ndar\u00eb ne kur bie t\u00ebrmet, kur duhet t\u00eb ndalojm\u00eb hemoragjin\u00eb e nj\u00eb goditje q\u00eb sjell humbje jete dhe plag\u00eb, si mund t\u00eb jemi ne t\u00eb ndar\u00eb kur bie nj\u00eb virus?!<\/em><\/p>\n<p><em>Jemi ngjitur n\u00eb fash\u00ebn m\u00eb t\u00eb lart\u00eb t\u00eb fash\u00ebs s\u00eb vaksinimeve, jan\u00eb t\u00ebrbuar k\u00ebta, nuk duan tia din\u00eb se vaksinat b\u00ebhen nj\u00ebsoj p\u00ebr t\u00eb gjith\u00eb, jan\u00eb gati q\u00eb ti l\u00ebn\u00eb njer\u00ebzit e tyre pa vaksina, t\u00eb b\u00ebjm\u00eb nj\u00ebher\u00eb zgjedhjet ne dhe pastaj le ta haj\u00eb kush ta haj\u00eb. Njer\u00ebzit iu duhen t\u00eb shurdh\u00ebt?!<\/em><\/p>\n<p><em>Regjimin e atyre q\u00eb duan ta b\u00ebjn\u00eb Shqip\u00ebrin\u00eb nj\u00eb sht\u00ebpi t\u00eb p\u00ebrbashk\u00ebt, ku f\u00ebmij\u00ebt tan\u00eb t\u00eb mos jen\u00eb krenar vet\u00ebm p\u00ebr historin\u00eb, por p\u00ebr kushtet n\u00eb t\u00eb cilat jetojn\u00eb. Ne na duhet mandati i tret\u00eb p\u00ebr ta b\u00ebr\u00eb Shqip\u00ebrin\u00eb eksportues neto t\u00eb energjis\u00eb elektrike.<\/em><\/p>\n<p><em>\u00a0<\/em><\/p>","protected":false},"excerpt":{"rendered":"<p>\u00c7\u2019a presidenti \u00ebsht\u00eb ky mo, \u00e7far\u00eb presidenti, shkon e thot\u00eb q\u00eb do e b\u00ebj\u00eb konferenc\u00ebn n\u00eb Aerportin e Vlo\u00ebs, \u00e7\u2019president \u00ebsht\u00eb ky?! Si mund t\u00eb jemi t\u00eb ndar\u00eb ne kur bie t\u00ebrmet, kur duhet t\u00eb ndalojm\u00eb hemoragjin\u00eb e nj\u00eb goditje q\u00eb sjell humbje jete dhe plag\u00eb, si mund t\u00eb jemi ne t\u00eb ndar\u00eb kur bie [&hellip;]<\/p>\n","protected":false},"author":2016,"featured_media":176328,"comment_status":"closed","ping_status":"closed","sticky":false,"template":"","format":"standard","meta":{"footnotes":""},"categories":[241],"tags":[2212],"class_list":{"0":"post-176326","1":"post","2":"type-post","3":"status-publish","4":"format-standard","5":"has-post-thumbnail","7":"category-aktualitet","8":"tag-lajme-zjarr-rama-flet-per-presidentin-zjarr-tv"},"_links":{"self":[{"href":"https:\/\/zjarr.tv\/en\/wp-json\/wp\/v2\/posts\/176326","targetHints":{"allow":["GET"]}}],"collection":[{"href":"https:\/\/zjarr.tv\/en\/wp-json\/wp\/v2\/posts"}],"about":[{"href":"https:\/\/zjarr.tv\/en\/wp-json\/wp\/v2\/types\/post"}],"author":[{"embeddable":true,"href":"https:\/\/zjarr.tv\/en\/wp-json\/wp\/v2\/users\/2016"}],"replies":[{"embeddable":true,"href":"https:\/\/zjarr.tv\/en\/wp-json\/wp\/v2\/comments?post=176326"}],"version-history":[{"count":0,"href":"https:\/\/zjarr.tv\/en\/wp-json\/wp\/v2\/posts\/176326\/revisions"}],"wp:featuredmedia":[{"embeddable":true,"href":"https:\/\/zjarr.tv\/en\/wp-json\/wp\/v2\/media\/176328"}],"wp:attachment":[{"href":"https:\/\/zjarr.tv\/en\/wp-json\/wp\/v2\/media?parent=176326"}],"wp:term":[{"taxonomy":"category","embeddable":true,"href":"https:\/\/zjarr.tv\/en\/wp-json\/wp\/v2\/categories?post=176326"},{"taxonomy":"post_tag","embeddable":true,"href":"https:\/\/zjarr.tv\/en\/wp-json\/wp\/v2\/tags?post=176326"}],"curies":[{"name":"wp","href":"https:\/\/api.w.org\/{rel}","templated":true}]}}