{"id":176330,"date":"2021-04-08T11:40:19","date_gmt":"2021-04-08T09:40:19","guid":{"rendered":"https:\/\/zjarr.tv\/?p=176330"},"modified":"2021-04-08T11:40:19","modified_gmt":"2021-04-08T09:40:19","slug":"kush-shet-voten-behet-skllav-i-pushtetit-meta-me-25-prill-shqiptaret-do-tregojne-se-jane-popull-shqiponjash","status":"publish","type":"post","link":"https:\/\/zjarr.tv\/en\/kush-shet-voten-behet-skllav-i-pushtetit-meta-me-25-prill-shqiptaret-do-tregojne-se-jane-popull-shqiponjash\/","title":{"rendered":"\u201cKush shet vot\u00ebn, b\u00ebhet skllav i pushtetit\u201d, Meta: M\u00eb 25 prill shqiptar\u00ebt do tregojn\u00eb se jan\u00eb popull shqiponjash"},"content":{"rendered":"<p>Presidenti Ilir Meta ka sh\u00ebprndar\u00eb analiz\u00ebn e Ndri\u00e7im Kull\u00ebs, teksa shprehet besimplot\u00eb se m\u00eb 25 prill shqiptar\u00ebt do t\u00eb tregojn\u00eb se jan\u00eb nj\u00eb popull shqiponjash.<\/p>\n<p>Meta shton se fuqia e qytetarit \u00ebsht\u00eb vota dhe n\u00ebse e shet at\u00eb do t\u00eb jesh skllav i pushtetit.<\/p>\n<p>\u201c<em>Nj\u00eb analiz\u00eb brilante e publicistit t\u00eb shquar, Ndri\u00e7im Kulla, q\u00eb e fton t\u00eb gjith\u00eb shoq\u00ebrin\u00eb p\u00ebr nj\u00eb reflektim t\u00eb thell\u00eb, p\u00ebr t\u00eb kuptuar nj\u00ebher\u00eb e p\u00ebrgjithmon\u00eb se: Fuqia e \u00e7do qytetari n\u00eb demokraci \u00ebsht\u00eb vet\u00ebm vota e tij. P\u00ebrndryshe, n\u00ebse e shet vot\u00ebn, nes\u00ebr do t\u00eb jesh nj\u00eb skllav i pushtetit.<\/em><\/p>\n<p><em>Por shqiptar\u00ebt do e tregojn\u00eb veten, q\u00eb jan\u00eb popull shqiponjash m\u00eb 25 prill duke d\u00ebrrmuar kapjen e shtetit dhe rivendosur demokracin\u00eb<\/em>\u201d- shkruan kreu i shtetit n\u00eb postimin e tij n\u00eb Facebook.<\/p>","protected":false},"excerpt":{"rendered":"<p>Presidenti Ilir Meta ka sh\u00ebprndar\u00eb analiz\u00ebn e Ndri\u00e7im Kull\u00ebs, teksa shprehet besimplot\u00eb se m\u00eb 25 prill shqiptar\u00ebt do t\u00eb tregojn\u00eb se jan\u00eb nj\u00eb popull shqiponjash. Meta shton se fuqia e qytetarit \u00ebsht\u00eb vota dhe n\u00ebse e shet at\u00eb do t\u00eb jesh skllav i pushtetit. \u201cNj\u00eb analiz\u00eb brilante e publicistit t\u00eb shquar, Ndri\u00e7im Kulla, q\u00eb e [&hellip;]<\/p>\n","protected":false},"author":2030,"featured_media":176332,"comment_status":"closed","ping_status":"closed","sticky":false,"template":"","format":"standard","meta":{"footnotes":""},"categories":[241,1454],"tags":[451,2213,329],"class_list":{"0":"post-176330","1":"post","2":"type-post","3":"status-publish","4":"format-standard","5":"has-post-thumbnail","7":"category-aktualitet","8":"category-politike","9":"tag-lajme-zjarr","10":"tag-meta-kush-shet-voten-behet-skllav-i-pushtetit","11":"tag-zjarr-tv"},"_links":{"self":[{"href":"https:\/\/zjarr.tv\/en\/wp-json\/wp\/v2\/posts\/176330","targetHints":{"allow":["GET"]}}],"collection":[{"href":"https:\/\/zjarr.tv\/en\/wp-json\/wp\/v2\/posts"}],"about":[{"href":"https:\/\/zjarr.tv\/en\/wp-json\/wp\/v2\/types\/post"}],"author":[{"embeddable":true,"href":"https:\/\/zjarr.tv\/en\/wp-json\/wp\/v2\/users\/2030"}],"replies":[{"embeddable":true,"href":"https:\/\/zjarr.tv\/en\/wp-json\/wp\/v2\/comments?post=176330"}],"version-history":[{"count":0,"href":"https:\/\/zjarr.tv\/en\/wp-json\/wp\/v2\/posts\/176330\/revisions"}],"wp:featuredmedia":[{"embeddable":true,"href":"https:\/\/zjarr.tv\/en\/wp-json\/wp\/v2\/media\/176332"}],"wp:attachment":[{"href":"https:\/\/zjarr.tv\/en\/wp-json\/wp\/v2\/media?parent=176330"}],"wp:term":[{"taxonomy":"category","embeddable":true,"href":"https:\/\/zjarr.tv\/en\/wp-json\/wp\/v2\/categories?post=176330"},{"taxonomy":"post_tag","embeddable":true,"href":"https:\/\/zjarr.tv\/en\/wp-json\/wp\/v2\/tags?post=176330"}],"curies":[{"name":"wp","href":"https:\/\/api.w.org\/{rel}","templated":true}]}}