{"id":176339,"date":"2021-04-08T12:07:04","date_gmt":"2021-04-08T10:07:04","guid":{"rendered":"https:\/\/zjarr.tv\/?p=176339"},"modified":"2021-04-08T12:07:33","modified_gmt":"2021-04-08T10:07:33","slug":"shpetim-idrizi-edi-rama-sillet-si-servil-me-athinen-i-fali-detin-greqise-me-shqiptaret-eshte-arrogant","status":"publish","type":"post","link":"https:\/\/zjarr.tv\/en\/shpetim-idrizi-edi-rama-sillet-si-servil-me-athinen-i-fali-detin-greqise-me-shqiptaret-eshte-arrogant\/","title":{"rendered":"Shp\u00ebtim Idrizi: Edi Rama sillet si servil me Athin\u00ebn, i fali detin Greqis\u00eb, me shqiptar\u00ebt \u00ebsht\u00eb arrogant\u2026"},"content":{"rendered":"<p>Shp\u00ebtim Idrizi, n\u00eb kuad\u00ebr t\u00eb fushat\u00ebs elektorale p\u00ebr Zgjedhjet Parlamentare t\u00eb 25 Prillit, \u00ebsht\u00eb ndalur n\u00eb Sarand\u00eb. Gjat\u00eb takimit me qytetar\u00ebt e Sarand\u00ebs, kreu i PDIU prezantoi kandidatin p\u00ebr deputet, G\u00ebzim Ademaj, p\u00ebrfaq\u00ebsues i komunitetit \u00e7am. I ndodhur n\u00eb skajin jugor t\u00eb Shqip\u00ebris\u00eb, Idrizi nuk i fshehu emocionet kur tha se ndodhej shum\u00eb pran\u00eb \u00c7am\u00ebris\u00eb, tok\u00ebs s\u00eb t\u00eb par\u00ebve.<\/p>\n<p>\u201cSi kryetar i PDIU, kur takohem me bashk\u00ebpatriot\u00ebt e mi, jam n\u00eb nj\u00eb vend t\u00eb ve\u00e7ant\u00eb, jam n\u00eb sht\u00ebpin\u00eb time. Sa her\u00eb kam qen\u00eb n\u00eb Sarand\u00eb e kam ndjer\u00eb se jam shum\u00eb af\u00ebr \u00c7am\u00ebris\u00eb, shum\u00eb af\u00ebr identitetit dhe asaj beteje shum\u00eb t\u00eb madhe q\u00eb po b\u00ebjm\u00eb t\u00eb gjith\u00eb bashk\u00eb, p\u00ebr dinjitet\u201d, u shpreh Idrizi.<\/p>\n<p>Kreu i PDIU, duke u ndaluar te zgjedhjet parlamentare tha se n\u00eb 25 prill qytetar\u00ebt do t\u00eb ken\u00eb n\u00eb dor\u00eb ndryshimin e Shqip\u00ebris\u00eb, p\u00ebr t\u2019i dh\u00ebn\u00eb fund rr\u00ebnimit ekonomik dhe varf\u00ebris\u00eb, tranzicionit t\u00eb st\u00ebrzgjatur, rikthyer ekonomin\u00eb n\u00eb duart e shqiptar\u00ebve dhe jo t\u00eb pes\u00eb njer\u00ebzve pran\u00eb kryeministrit dhe p\u00ebr t\u00eb ndaluar ikjen masive t\u00eb t\u00eb rinjve. 60% e shqiptar\u00ebve tha Idrizi jetojn\u00eb me 4 USD n\u00eb dit\u00eb.<\/p>\n<p>\u201cK\u00ebto zgjedhje jan\u00eb shum\u00eb t\u00eb r\u00ebnd\u00ebsishme p\u00ebr t\u00eb gjith\u00eb shqiptar\u00ebt. Shqip\u00ebria ka koh\u00eb q\u00eb \u00ebsht\u00eb n\u00eb nj\u00eb kriz\u00eb shum\u00eb t\u00eb madhe institucionale, emigracioni do t\u00eb thoja, sepse pas 30 vitesh jan\u00eb kapur t\u00eb gjitha pushtet n\u00eb nj\u00eb dor\u00eb. Sigurisht jemi vend normal, kemi zgjedhur demokracin\u00eb, ndryshimin e elitave dhe njer\u00ebzve q\u00eb jan\u00eb aty si sh\u00ebrb\u00ebtor\u00eb. Por kur e pat\u00ebn nj\u00ebher\u00eb shtetin e tyre shqiptar\u00ebt, sa her\u00eb q\u00eb pat\u00ebn nevoj\u00eb? \u00c7\u00ebshtja e detit ishte gjithashtu kryefjal\u00eb e takimit t\u00eb Idrizit me qytetar\u00ebt e Sarand\u00ebs. Kreu i PDIU tha se do t\u2019i p\u00ebrgjigjej Ram\u00ebs po nga Saranda nga ku kryeministri kishte hedhur akuza n\u00eb takimin e fundit elektoral. Idrizi tha se Edi Rama i fali Greqis\u00eb zgjerimin me 12 milje n\u00eb ujrat e detit jon.<\/p>\n<p>Sipas tij, kryeministri shqiptar, q\u00eb shkon dhe darkon me homologun grek, sillet si servil me Athin\u00ebn dhe arrogant me shqiptar\u00ebt. Idrizi tha se ai do t\u00eb ngrej\u00eb z\u00ebrin dhe do t\u2019i bashkohet kauz\u00ebs komb\u00ebtare sa her\u00eb q\u00eb dinjiteti i shqiptar\u00ebve do t\u00eb tentoj\u00eb t\u00eb n\u00ebp\u00ebrk\u00ebmbet.<\/p>\n<p>\u201cJam k\u00ebtu n\u00eb Sarand\u00eb dhe nuk mund t\u00eb rri dot pa i dh\u00ebn\u00eb nj\u00eb p\u00ebrgjigje kryeministrit, m.q.s m\u00eb \u00ebsht\u00eb drejtuar po nga k\u00ebtu. Ka parasysh faktin q\u00eb sa her\u00eb vjen af\u00ebr Greqis\u00eb, i hipin disa gj\u00ebra q\u00eb i ka t\u00eb brendshme, automatikisht b\u00ebhet servil me Greqin\u00eb dhe arrogant me shqiptar\u00ebt. Ka qen\u00eb k\u00ebtu n\u00eb Sarand\u00eb dhe ka th\u00ebn\u00eb q\u00eb, po pse more Shp\u00ebtim Idrizi do ta ruaj\u00eb detin? Padyshim q\u00eb nuk \u00ebsht\u00eb detyra ime q\u00eb ta ruaj sovranitetin dhe integritetin, sepse n\u00eb radh\u00eb t\u00eb par\u00eb \u00ebsht\u00eb detyra e kryeministrit, e shtetit shqiptar, q\u00eb t\u00eb mos lejonte q\u00eb Greqia pas 84 vitesh t\u2019i zgjeronte ujrat territoriale t\u00eb saj n\u00eb drejtim t\u00eb Shqip\u00ebris\u00eb nga 6-12 milje. Ishte detyra e kryeministrit t\u00eb vendit tim q\u00eb ta kund\u00ebrshtonte k\u00ebt\u00eb gj\u00eb dhe t\u00eb mos lejonte q\u00eb Greqia t\u00eb mos i hante k\u00ebto 12 milje si\u00e7 hanin lakenjt\u00eb e tij biftek\u00ebt e Nusretit n\u00eb Dubai.<\/p>","protected":false},"excerpt":{"rendered":"<p>Shp\u00ebtim Idrizi, n\u00eb kuad\u00ebr t\u00eb fushat\u00ebs elektorale p\u00ebr Zgjedhjet Parlamentare t\u00eb 25 Prillit, \u00ebsht\u00eb ndalur n\u00eb Sarand\u00eb. Gjat\u00eb takimit me qytetar\u00ebt e Sarand\u00ebs, kreu i PDIU prezantoi kandidatin p\u00ebr deputet, G\u00ebzim Ademaj, p\u00ebrfaq\u00ebsues i komunitetit \u00e7am. I ndodhur n\u00eb skajin jugor t\u00eb Shqip\u00ebris\u00eb, Idrizi nuk i fshehu emocionet kur tha se ndodhej shum\u00eb pran\u00eb \u00c7am\u00ebris\u00eb, [&hellip;]<\/p>\n","protected":false},"author":2016,"featured_media":176341,"comment_status":"closed","ping_status":"closed","sticky":false,"template":"","format":"standard","meta":{"footnotes":""},"categories":[241,231,1454,235],"tags":[2215],"class_list":{"0":"post-176339","1":"post","2":"type-post","3":"status-publish","4":"format-standard","5":"has-post-thumbnail","7":"category-aktualitet","8":"category-lajme","9":"category-politike","10":"category-vendi","11":"tag-lajme-zjarr-idrizi-sillet-si-servil-zjarr-tv"},"_links":{"self":[{"href":"https:\/\/zjarr.tv\/en\/wp-json\/wp\/v2\/posts\/176339","targetHints":{"allow":["GET"]}}],"collection":[{"href":"https:\/\/zjarr.tv\/en\/wp-json\/wp\/v2\/posts"}],"about":[{"href":"https:\/\/zjarr.tv\/en\/wp-json\/wp\/v2\/types\/post"}],"author":[{"embeddable":true,"href":"https:\/\/zjarr.tv\/en\/wp-json\/wp\/v2\/users\/2016"}],"replies":[{"embeddable":true,"href":"https:\/\/zjarr.tv\/en\/wp-json\/wp\/v2\/comments?post=176339"}],"version-history":[{"count":0,"href":"https:\/\/zjarr.tv\/en\/wp-json\/wp\/v2\/posts\/176339\/revisions"}],"wp:featuredmedia":[{"embeddable":true,"href":"https:\/\/zjarr.tv\/en\/wp-json\/wp\/v2\/media\/176341"}],"wp:attachment":[{"href":"https:\/\/zjarr.tv\/en\/wp-json\/wp\/v2\/media?parent=176339"}],"wp:term":[{"taxonomy":"category","embeddable":true,"href":"https:\/\/zjarr.tv\/en\/wp-json\/wp\/v2\/categories?post=176339"},{"taxonomy":"post_tag","embeddable":true,"href":"https:\/\/zjarr.tv\/en\/wp-json\/wp\/v2\/tags?post=176339"}],"curies":[{"name":"wp","href":"https:\/\/api.w.org\/{rel}","templated":true}]}}