{"id":176346,"date":"2021-04-08T12:23:59","date_gmt":"2021-04-08T10:23:59","guid":{"rendered":"https:\/\/zjarr.tv\/?p=176346"},"modified":"2021-04-08T12:23:59","modified_gmt":"2021-04-08T10:23:59","slug":"bllokimi-i-aeroportit-kombetarja-e-futsalles-nuk-udheton-dot-drejt-ukraines-humbet-ndeshjen","status":"publish","type":"post","link":"https:\/\/zjarr.tv\/en\/bllokimi-i-aeroportit-kombetarja-e-futsalles-nuk-udheton-dot-drejt-ukraines-humbet-ndeshjen\/","title":{"rendered":"Bllokimi i aeroportit, komb\u00ebtarja e futsall\u00ebs nuk udh\u00ebton dot drejt Ukrain\u00ebs! Humbet ndeshjen"},"content":{"rendered":"<p>Komb\u00ebtarja shqiptare e futsallit nuk ka mundur sot t\u00eb udh\u00ebtoj\u00eb drejt Ukrain\u00ebs ku duhet t\u00eb zhvilloj\u00eb ndeshjen e fundit p\u00ebr eliminatoret e Europianit. Shkak p\u00ebr k\u00ebt\u00eb \u00ebsht\u00eb b\u00ebr\u00eb bllokimi i fluturimeve t\u00eb aeroportit \u2018N\u00ebn\u00eb Tereza\u2019.<\/p>\n<p><strong>P\u00ebr k\u00ebt\u00eb situat\u00eb federate shqiptare e futbollit ka v\u00ebn\u00eb n\u00eb dijeni edhe UEFA-n, nd\u00ebrsa konkretisht n\u00eb nj\u00ebftimin e saj thuhet:<\/strong><\/p>\n<p><em>\u201cKomb\u00ebtarja shqiptare e Futsallit nuk do ta zhvilloj\u00eb ndeshjen e eliminatoreve t\u00eb Europianit 2022 me Ukrain\u00ebn, e programuar p\u00ebr t\u2019u luajtur m\u00eb 11 prill 2021 n\u00eb Zaporizhia.<\/em><\/p>\n<p><em>Zyra e shtypit n\u00eb FSHF b\u00ebn me dije se shkak p\u00ebr k\u00ebt\u00eb ndryshim t\u00eb programit \u00ebsht\u00eb b\u00ebr\u00eb bllokimi i fluturimeve n\u00eb aeroportin nd\u00ebrkomb\u00ebtar \u201cN\u00ebn\u00eb Tereza\u201d t\u00eb Tiran\u00ebs. Komb\u00ebtarja duhet t\u00eb ishte nisur q\u00eb m\u00ebngjesin e s\u00eb enjtes drejt Ukrain\u00ebs, por e ka pasur t\u00eb pamundur.<\/em><\/p>\n<p><em>Federata Shqiptare e Futbollit ka v\u00ebn\u00eb menj\u00ebher\u00eb n\u00eb dijeni nd\u00ebrkoh\u00eb UEFA-n p\u00ebr situat\u00ebn e krijuar dhe p\u00ebr pamund\u00ebsin\u00eb e udh\u00ebtimit.\u201d<\/em><\/p>","protected":false},"excerpt":{"rendered":"<p>Komb\u00ebtarja shqiptare e futsallit nuk ka mundur sot t\u00eb udh\u00ebtoj\u00eb drejt Ukrain\u00ebs ku duhet t\u00eb zhvilloj\u00eb ndeshjen e fundit p\u00ebr eliminatoret e Europianit. Shkak p\u00ebr k\u00ebt\u00eb \u00ebsht\u00eb b\u00ebr\u00eb bllokimi i fluturimeve t\u00eb aeroportit \u2018N\u00ebn\u00eb Tereza\u2019. P\u00ebr k\u00ebt\u00eb situat\u00eb federate shqiptare e futbollit ka v\u00ebn\u00eb n\u00eb dijeni edhe UEFA-n, nd\u00ebrsa konkretisht n\u00eb nj\u00ebftimin e saj thuhet: [&hellip;]<\/p>\n","protected":false},"author":2030,"featured_media":176347,"comment_status":"closed","ping_status":"closed","sticky":false,"template":"","format":"standard","meta":{"footnotes":""},"categories":[241,192],"tags":[2217,451,329],"class_list":{"0":"post-176346","1":"post","2":"type-post","3":"status-publish","4":"format-standard","5":"has-post-thumbnail","7":"category-aktualitet","8":"category-sport","9":"tag-bllokimi-i-aeroportit-kombetarja-e-futsalles-nuk-udheton-dot-drejt-ukraines","10":"tag-lajme-zjarr","11":"tag-zjarr-tv"},"_links":{"self":[{"href":"https:\/\/zjarr.tv\/en\/wp-json\/wp\/v2\/posts\/176346","targetHints":{"allow":["GET"]}}],"collection":[{"href":"https:\/\/zjarr.tv\/en\/wp-json\/wp\/v2\/posts"}],"about":[{"href":"https:\/\/zjarr.tv\/en\/wp-json\/wp\/v2\/types\/post"}],"author":[{"embeddable":true,"href":"https:\/\/zjarr.tv\/en\/wp-json\/wp\/v2\/users\/2030"}],"replies":[{"embeddable":true,"href":"https:\/\/zjarr.tv\/en\/wp-json\/wp\/v2\/comments?post=176346"}],"version-history":[{"count":0,"href":"https:\/\/zjarr.tv\/en\/wp-json\/wp\/v2\/posts\/176346\/revisions"}],"wp:featuredmedia":[{"embeddable":true,"href":"https:\/\/zjarr.tv\/en\/wp-json\/wp\/v2\/media\/176347"}],"wp:attachment":[{"href":"https:\/\/zjarr.tv\/en\/wp-json\/wp\/v2\/media?parent=176346"}],"wp:term":[{"taxonomy":"category","embeddable":true,"href":"https:\/\/zjarr.tv\/en\/wp-json\/wp\/v2\/categories?post=176346"},{"taxonomy":"post_tag","embeddable":true,"href":"https:\/\/zjarr.tv\/en\/wp-json\/wp\/v2\/tags?post=176346"}],"curies":[{"name":"wp","href":"https:\/\/api.w.org\/{rel}","templated":true}]}}