{"id":176362,"date":"2021-04-08T13:39:41","date_gmt":"2021-04-08T11:39:41","guid":{"rendered":"https:\/\/zjarr.tv\/?p=176362"},"modified":"2021-04-08T13:39:41","modified_gmt":"2021-04-08T11:39:41","slug":"plani-yt-me-saliun-deshtoi-rama-ilir-vaksinat-vijne-sot-fluturimet-rinisin-neser","status":"publish","type":"post","link":"https:\/\/zjarr.tv\/en\/plani-yt-me-saliun-deshtoi-rama-ilir-vaksinat-vijne-sot-fluturimet-rinisin-neser\/","title":{"rendered":"\u201cPlani yt me Saliun d\u00ebshtoi\u201d, Rama: Ilir, vaksinat vijn\u00eb sot, fluturimet rinisin nes\u00ebr"},"content":{"rendered":"<p>Ministrja e Infrastruktur\u00ebs dhe Energjis\u00eb Belinda Balluku deklaroi n\u00eb nj\u00eb prononcim p\u00ebr median se do t\u00eb nisin sot fluturimet esenciale, ato humanitare, emergjente, sh\u00ebndet\u00ebsore, diplomatike, shtet\u00ebrore dhe ushtarake. Nd\u00ebrsa shtoi se, sasia e vaksinave anti-Covid q\u00eb do duhej t\u00eb vinin dje, do t\u00eb mb\u00ebrrijn\u00eb sot.<\/p>\n<p>Lidhur me k\u00ebt\u00eb situat\u00eb reagon s\u00ebrish kryeministri Edi Rama, i cili p\u00ebrmes nj\u00eb statusi n\u00eb Twitter ka nj\u00eb mesazh t\u00eb drejt\u00ebp\u00ebrdrejt p\u00ebr presidentin Ilir Meta.<\/p>\n<p><strong>Edi Rama n\u00eb Twitter<\/strong>:\u00a0<em>Ilir kam nj\u00eb lajm t\u00eb keq p\u00ebr ty: Vaksinat vijn\u00eb sot dhe fluturimet rifillojn\u00eb normalisht nes\u00ebr! Plani yt me Saliun p\u00ebr bllokimin e vaksinimit e rikthimin e Rrunpall\u00ebs n\u00eb prag t\u00eb zgjedhjeve d\u00ebshtoi! Dokrrat me reflektime e auditime, vazhdoji me Leshkon dhe Leskon n\u00eb skutat e OFL!<\/em><\/p>","protected":false},"excerpt":{"rendered":"<p>Ministrja e Infrastruktur\u00ebs dhe Energjis\u00eb Belinda Balluku deklaroi n\u00eb nj\u00eb prononcim p\u00ebr median se do t\u00eb nisin sot fluturimet esenciale, ato humanitare, emergjente, sh\u00ebndet\u00ebsore, diplomatike, shtet\u00ebrore dhe ushtarake. Nd\u00ebrsa shtoi se, sasia e vaksinave anti-Covid q\u00eb do duhej t\u00eb vinin dje, do t\u00eb mb\u00ebrrijn\u00eb sot. Lidhur me k\u00ebt\u00eb situat\u00eb reagon s\u00ebrish kryeministri Edi Rama, i [&hellip;]<\/p>\n","protected":false},"author":2030,"featured_media":176363,"comment_status":"closed","ping_status":"closed","sticky":false,"template":"","format":"standard","meta":{"footnotes":""},"categories":[241,1454],"tags":[],"class_list":{"0":"post-176362","1":"post","2":"type-post","3":"status-publish","4":"format-standard","5":"has-post-thumbnail","7":"category-aktualitet","8":"category-politike"},"_links":{"self":[{"href":"https:\/\/zjarr.tv\/en\/wp-json\/wp\/v2\/posts\/176362","targetHints":{"allow":["GET"]}}],"collection":[{"href":"https:\/\/zjarr.tv\/en\/wp-json\/wp\/v2\/posts"}],"about":[{"href":"https:\/\/zjarr.tv\/en\/wp-json\/wp\/v2\/types\/post"}],"author":[{"embeddable":true,"href":"https:\/\/zjarr.tv\/en\/wp-json\/wp\/v2\/users\/2030"}],"replies":[{"embeddable":true,"href":"https:\/\/zjarr.tv\/en\/wp-json\/wp\/v2\/comments?post=176362"}],"version-history":[{"count":0,"href":"https:\/\/zjarr.tv\/en\/wp-json\/wp\/v2\/posts\/176362\/revisions"}],"wp:featuredmedia":[{"embeddable":true,"href":"https:\/\/zjarr.tv\/en\/wp-json\/wp\/v2\/media\/176363"}],"wp:attachment":[{"href":"https:\/\/zjarr.tv\/en\/wp-json\/wp\/v2\/media?parent=176362"}],"wp:term":[{"taxonomy":"category","embeddable":true,"href":"https:\/\/zjarr.tv\/en\/wp-json\/wp\/v2\/categories?post=176362"},{"taxonomy":"post_tag","embeddable":true,"href":"https:\/\/zjarr.tv\/en\/wp-json\/wp\/v2\/tags?post=176362"}],"curies":[{"name":"wp","href":"https:\/\/api.w.org\/{rel}","templated":true}]}}