{"id":176367,"date":"2021-04-08T13:54:48","date_gmt":"2021-04-08T11:54:48","guid":{"rendered":"https:\/\/zjarr.tv\/?p=176367"},"modified":"2021-04-08T13:54:48","modified_gmt":"2021-04-08T11:54:48","slug":"rama-i-falet-serish-erdoganit-zbulohet-si-erdhen-ne-rinas-kontrolloret-turq-ne-valixhen-e-nje-ministri","status":"publish","type":"post","link":"https:\/\/zjarr.tv\/en\/rama-i-falet-serish-erdoganit-zbulohet-si-erdhen-ne-rinas-kontrolloret-turq-ne-valixhen-e-nje-ministri\/","title":{"rendered":"Rama i falet s\u00ebrish Erdoganit\/Zbulohet si erdh\u00ebn n\u00eb Rinas kontrollor\u00ebt turq, \u201dn\u00eb valixhen\u201d e nj\u00eb ministri"},"content":{"rendered":"<p>Sa her\u00eb q\u00eb \u00ebsht\u00eb n\u00eb v\u00ebshtir\u00ebsi, kryeministri Edi Rama e ka t\u00eb qart\u00eb se nga ku e hedh v\u00ebshtrimin, pik\u00ebrisht nga Turqia, dhe v\u00ebllai i tij Erdogan, q\u00eb n\u00eb k\u00ebt\u00eb rastin e fundit e ka ndihmuar me kontrollor, q\u00eb kan\u00eb marr\u00eb n\u00eb dor\u00eb kull\u00ebn e vrojtimit n\u00eb Rinas.<\/p>\n<p>Edhe pse ligjet shqiptare e specifikojn\u00eb qart\u00eb sesi mund t\u00eb b\u00ebhesh kontrollor, dhe t\u00eb gjitha shkall\u00ebt e hirearkis\u00eb, n\u00eb nj\u00eb vendim q\u00eb mbart hije t\u00eb forta dyshimi, Rama ka vendosur q\u00eb t\u00eb marr\u00eb kontrollor nga Turqia p\u00ebr nisjen e fluturimeve esenciale, gjat\u00eb dit\u00ebs s\u00eb sotme.<\/p>\n<p>Burime b\u00ebjn\u00eb me dije se kontrollor\u00ebt turq kan\u00eb mb\u00ebrritur n\u00eb Shqip\u00ebri s\u00eb bashku me ministrin turk t\u00eb Turizmit, nga Podgorica e Malit t\u00eb Zi, nd\u00ebrkoh\u00eb q\u00eb vet\u00eb zyrtari i qeveris\u00eb do t\u00eb takoj\u00eb homologun e tij shqiptar Blendi Klosi dhe Elva Margariti n\u00eb Gjirokast\u00ebr, ku po sot ndodhet dhe kryeministrit Edi Rama.<\/p>\n<p>Me siguri q\u00eb Rama do ti rezervoj\u00eb nj\u00eb drek\u00eb t\u00eb ngroht\u00eb, p\u00ebr zgjidhjen q\u00eb iu dha n\u00eb nj\u00eb moment kaq delikat, e ku edhe nj\u00ebher\u00eb tjet\u00ebr sekreti shtet\u00ebror, del n\u00eb pah p\u00ebr t\u00eb fshehur zullumet, si\u00e7 \u00ebsht\u00eb b\u00ebr\u00eb p\u00ebr origjin\u00ebn e vaksinave, apo \u00e7mimet e tyre.<\/p>\n<p>Autoriteti Europian i Kontrollit Ajror \u2018Eurocontrol\u2019 reagoi mbi bllokimin e fluturimeve n\u00eb Aeroportin Nd\u00ebrkomb\u00ebtar \u2018N\u00ebn\u00eb Tereza\u2019.<\/p>\n<p>\u2018Eurocontrol\u2019 deklaron se ka marr\u00eb informacion n\u00eb lidhje me situat\u00ebn e krijuar n\u00eb aeroportin e Shqip\u00ebris\u00eb edhe p\u00ebr fatkin q\u00eb Autoriteti i Aviacionit Civil ka njoftuar se fluturimet do t\u00eb jen\u00eb t\u00eb ndaluara nga ora 10:00 e dat\u00ebs 7 Prill, deri n\u00eb or\u00ebn 10:00 t\u00eb dat\u00ebs 8 Prill, megjith\u00ebse bllokimi i fluturimeve ka zgjatur m\u00eb shum\u00eb se aq.<\/p>\n<p><em>\u201cRrjeti i Menaxher\u00ebve t\u00eb \u201cEurocontrol\u201d po e ndjek nga af\u00ebr situat\u00ebn, dhe jemi siguruar q\u00eb asnj\u00eb avion me destinacion Aeroportin e Tiran\u00ebs t\u00eb mos niset nga zonat n\u00eb p\u00ebrgjegj\u00ebsin\u00eb ton\u00eb gjat\u00eb k\u00ebsaj periudhe. Nuk mund t\u00eb komentojm\u00eb hapat e marra nga autoritetet shqiptare\u201d<\/em>,\u00a0thot\u00eb \u201cEurocontrol\u201d.<\/p>","protected":false},"excerpt":{"rendered":"<p>Sa her\u00eb q\u00eb \u00ebsht\u00eb n\u00eb v\u00ebshtir\u00ebsi, kryeministri Edi Rama e ka t\u00eb qart\u00eb se nga ku e hedh v\u00ebshtrimin, pik\u00ebrisht nga Turqia, dhe v\u00ebllai i tij Erdogan, q\u00eb n\u00eb k\u00ebt\u00eb rastin e fundit e ka ndihmuar me kontrollor, q\u00eb kan\u00eb marr\u00eb n\u00eb dor\u00eb kull\u00ebn e vrojtimit n\u00eb Rinas. Edhe pse ligjet shqiptare e specifikojn\u00eb qart\u00eb [&hellip;]<\/p>\n","protected":false},"author":2030,"featured_media":176369,"comment_status":"closed","ping_status":"closed","sticky":false,"template":"","format":"standard","meta":{"footnotes":""},"categories":[241],"tags":[451,2220,329],"class_list":{"0":"post-176367","1":"post","2":"type-post","3":"status-publish","4":"format-standard","5":"has-post-thumbnail","7":"category-aktualitet","8":"tag-lajme-zjarr","9":"tag-rama-i-falet-serish-erdoganit","10":"tag-zjarr-tv"},"_links":{"self":[{"href":"https:\/\/zjarr.tv\/en\/wp-json\/wp\/v2\/posts\/176367","targetHints":{"allow":["GET"]}}],"collection":[{"href":"https:\/\/zjarr.tv\/en\/wp-json\/wp\/v2\/posts"}],"about":[{"href":"https:\/\/zjarr.tv\/en\/wp-json\/wp\/v2\/types\/post"}],"author":[{"embeddable":true,"href":"https:\/\/zjarr.tv\/en\/wp-json\/wp\/v2\/users\/2030"}],"replies":[{"embeddable":true,"href":"https:\/\/zjarr.tv\/en\/wp-json\/wp\/v2\/comments?post=176367"}],"version-history":[{"count":0,"href":"https:\/\/zjarr.tv\/en\/wp-json\/wp\/v2\/posts\/176367\/revisions"}],"wp:featuredmedia":[{"embeddable":true,"href":"https:\/\/zjarr.tv\/en\/wp-json\/wp\/v2\/media\/176369"}],"wp:attachment":[{"href":"https:\/\/zjarr.tv\/en\/wp-json\/wp\/v2\/media?parent=176367"}],"wp:term":[{"taxonomy":"category","embeddable":true,"href":"https:\/\/zjarr.tv\/en\/wp-json\/wp\/v2\/categories?post=176367"},{"taxonomy":"post_tag","embeddable":true,"href":"https:\/\/zjarr.tv\/en\/wp-json\/wp\/v2\/tags?post=176367"}],"curies":[{"name":"wp","href":"https:\/\/api.w.org\/{rel}","templated":true}]}}