{"id":176394,"date":"2021-04-08T16:42:43","date_gmt":"2021-04-08T14:42:43","guid":{"rendered":"https:\/\/zjarr.tv\/?p=176394"},"modified":"2021-04-08T16:42:43","modified_gmt":"2021-04-08T14:42:43","slug":"rama-ne-pak-dite-hapim-aeroportin-e-kukesit-nisim-ndertimin-e-atij-te-vlores-dhe-sarandes","status":"publish","type":"post","link":"https:\/\/zjarr.tv\/en\/rama-ne-pak-dite-hapim-aeroportin-e-kukesit-nisim-ndertimin-e-atij-te-vlores-dhe-sarandes\/","title":{"rendered":"Rama: N\u00eb pak dit\u00eb hapim aeroportin e Kuk\u00ebsit, nisim nd\u00ebrtimin e atij t\u00eb Vlor\u00ebs dhe Sarand\u00ebs"},"content":{"rendered":"<p>Nga Gjirokastra, kryeministri Rama u shpreh se shum\u00eb shpejt do t\u00eb hapet aeroporti i Kuk\u00ebsit dhe shtoi se do t\u00eb firmoset kontrata p\u00ebr aeroportin e Vlor\u00ebs dhe nisja e gar\u00ebs p\u00ebr aeroportin e Sarand\u00ebs.<\/p>\n<p>Sipas Ram\u00ebs, vendi yn\u00eb ka fash\u00ebn m\u00eb t\u00eb lart\u00eb n\u00eb Evrop\u00eb lidhur me ritmin e vaksinimit dhe shtoi se kjo gj\u00eb fal\u00eb PS-s\u00eb, jo se ran\u00eb nga qielli.<\/p>\n<p><strong>Rama:<\/strong>\u00a0<em>N\u00eb pak dit\u00eb hapim aeroportin e Kuk\u00ebsit, edhe pse askush nuk e besonte. Firmosin kontrat\u00ebn p\u00ebr nd\u00ebrtimin e aeroportit t\u00eb Vlor\u00ebs dhe shum\u00eb shpejt nisim gar\u00ebn p\u00ebr aeroportin e Sarand\u00ebs. K\u00ebto investime do t\u00eb p\u00ebrkthehen n\u00eb vend pun\u00eb dhe shum\u00eb t\u00eb ardhura. \u00cbsht\u00eb e r\u00ebnd\u00ebsishme q\u00eb t\u00eb mos kthehemi pas. Duhet t\u00eb vler\u00ebsojm\u00eb karakterin sepse n\u00eb fund t\u00eb dit\u00ebs puna dhe politika \u00ebsht\u00eb \u00e7\u00ebshtje karakteri. Puna vler\u00ebsohet \u00e7do dit\u00eb. Ne sot jemi n\u00eb fash\u00ebn m\u00eb t\u00eb lart\u00eb n\u00eb Evrop\u00eb n\u00eb raport me ritmin e vaksinimit.<\/em><\/p>\n<p><em>Gj\u00ebrat nuk vijn\u00eb vet\u00eb nga qielli. Ata q\u00eb e kan\u00eb probleme q\u00eb ta respektojn\u00eb pun\u00ebn dhe ndryshimin, e nuk di n\u00eb t\u00eb zgjedhin mes momentit p\u00ebr tu g\u00ebzuar p\u00ebr di\u00e7ka apo p\u00ebr t\u00eb kritikuar. Thon\u00eb detyr\u00ebn po b\u00ebn, sigurisht q\u00eb p\u00ebr detyr\u00ebn zgjidhen njer\u00ebzit, jo p\u00ebr magji dhe p\u00ebr fall. Nga m\u00ebnyra se si b\u00ebjn\u00eb detyr\u00ebn ndahen sh\u00ebrb\u00ebtor\u00ebt e respektuar q\u00eb mbahen mend dhe ata q\u00eb harrohen. T\u00eb gjitha pun\u00ebt b\u00ebhen me parat\u00eb e njer\u00ebzve sigurisht.<\/em><\/p>\n<p><em>Puna duhet t\u00eb vazhdoj\u00eb. \u00cbsht\u00eb e sigurt q\u00eb t\u00eb tjer\u00ebt nuk e vazhdojn\u00eb k\u00ebt\u00eb rrug\u00eb, sepse e kan\u00eb pasur mund\u00ebsin\u00eb q\u00eb ta tregojn\u00eb se sa karakter kan\u00eb dhe se sa pun\u00eb mund t\u00eb b\u00ebjn\u00eb. Ata nuk kan\u00eb nd\u00ebrmend q\u00eb t\u00eb ndryshojn\u00eb, sepse nuk duan dhe as nuk din\u00eb. Ata mendojn\u00eb se para 8 vitesh ndodhi nj\u00eb aksident me qeverisjen ton\u00eb dhe duna q\u00eb t\u00eb vijn\u00eb t\u00eb b\u00ebjn\u00eb at\u00eb q\u00eb kan\u00eb b\u00ebr\u00eb gjithmon\u00eb. Ajo gj\u00eb nuk i duhet vendit aspak.<\/em><\/p>","protected":false},"excerpt":{"rendered":"<p>Nga Gjirokastra, kryeministri Rama u shpreh se shum\u00eb shpejt do t\u00eb hapet aeroporti i Kuk\u00ebsit dhe shtoi se do t\u00eb firmoset kontrata p\u00ebr aeroportin e Vlor\u00ebs dhe nisja e gar\u00ebs p\u00ebr aeroportin e Sarand\u00ebs. Sipas Ram\u00ebs, vendi yn\u00eb ka fash\u00ebn m\u00eb t\u00eb lart\u00eb n\u00eb Evrop\u00eb lidhur me ritmin e vaksinimit dhe shtoi se kjo gj\u00eb [&hellip;]<\/p>\n","protected":false},"author":2030,"featured_media":176396,"comment_status":"closed","ping_status":"closed","sticky":false,"template":"","format":"standard","meta":{"footnotes":""},"categories":[241,1454],"tags":[],"class_list":{"0":"post-176394","1":"post","2":"type-post","3":"status-publish","4":"format-standard","5":"has-post-thumbnail","7":"category-aktualitet","8":"category-politike"},"_links":{"self":[{"href":"https:\/\/zjarr.tv\/en\/wp-json\/wp\/v2\/posts\/176394","targetHints":{"allow":["GET"]}}],"collection":[{"href":"https:\/\/zjarr.tv\/en\/wp-json\/wp\/v2\/posts"}],"about":[{"href":"https:\/\/zjarr.tv\/en\/wp-json\/wp\/v2\/types\/post"}],"author":[{"embeddable":true,"href":"https:\/\/zjarr.tv\/en\/wp-json\/wp\/v2\/users\/2030"}],"replies":[{"embeddable":true,"href":"https:\/\/zjarr.tv\/en\/wp-json\/wp\/v2\/comments?post=176394"}],"version-history":[{"count":0,"href":"https:\/\/zjarr.tv\/en\/wp-json\/wp\/v2\/posts\/176394\/revisions"}],"wp:featuredmedia":[{"embeddable":true,"href":"https:\/\/zjarr.tv\/en\/wp-json\/wp\/v2\/media\/176396"}],"wp:attachment":[{"href":"https:\/\/zjarr.tv\/en\/wp-json\/wp\/v2\/media?parent=176394"}],"wp:term":[{"taxonomy":"category","embeddable":true,"href":"https:\/\/zjarr.tv\/en\/wp-json\/wp\/v2\/categories?post=176394"},{"taxonomy":"post_tag","embeddable":true,"href":"https:\/\/zjarr.tv\/en\/wp-json\/wp\/v2\/tags?post=176394"}],"curies":[{"name":"wp","href":"https:\/\/api.w.org\/{rel}","templated":true}]}}