{"id":176405,"date":"2021-04-08T17:22:03","date_gmt":"2021-04-08T15:22:03","guid":{"rendered":"https:\/\/zjarr.tv\/?p=176405"},"modified":"2021-04-08T17:22:03","modified_gmt":"2021-04-08T15:22:03","slug":"tabaku-takon-tregtaret-ne-tregun-cam-biznesi-ne-tirane-i-renduar-nga-taksat-e-qeverise-dhe-bashkise-edhe-ne-krizen-e-pandemise","status":"publish","type":"post","link":"https:\/\/zjarr.tv\/en\/tabaku-takon-tregtaret-ne-tregun-cam-biznesi-ne-tirane-i-renduar-nga-taksat-e-qeverise-dhe-bashkise-edhe-ne-krizen-e-pandemise\/","title":{"rendered":"Tabaku takon tregtar\u00ebt n\u00eb &#8220;Tregun \u00e7am&#8221;: Biznesi n\u00eb Tiran\u00eb, i r\u00ebnduar nga taksat e qeveris\u00eb dhe bashkis\u00eb edhe n\u00eb kriz\u00ebn e pandemis\u00eb"},"content":{"rendered":"<p>Jorida Tabaku takim me tregtar\u00ebt n\u00eb \u201cTregut \u00c7am\u201d:Nuk ka njer\u00ebz q\u00eb blejn\u00eb, nuk l\u00ebviz malli nuk qarkullon, 1 milion\u00eb e 700 mij\u00eb taksa t\u00eb bashkis\u00eb \u201d<br \/>\nKandidatja e Partis\u00eb Demokratike n\u00eb Tiran\u00eb, Jorida Tabaku, u takua me tregtar\u00ebt e \u201cTregut \u00c7am\u201d, p\u00ebr t\u00eb biseduar mbi problemet q\u00eb ata kan\u00eb, ve\u00e7an\u00ebrisht n\u00eb koh\u00ebn kur ekonomia \u00ebsht\u00eb n\u00eb kriz\u00eb, si pasoj\u00eb e pandemis\u00eb dhe keqqeverisjes. Tregtar\u00ebt u ankuan se kan\u00eb paguar taksa t\u00eb kripura t\u00eb qeveris\u00eb q\u00ebndrore dhe bashkis\u00eb edhe pse pandemia e ka goditur r\u00ebnd\u00eb biznesin e tyre.<br \/>\n\u201cKam paguar 1 milion\u00eb e 700 mij\u00eb n\u00eb vit\u201d, tha nj\u00eb tregtar duke iu referuar taksave t\u00eb bashkis\u00eb, n\u00eb nj\u00eb koh\u00eb kur fuqia bler\u00ebse ka r\u00ebn\u00eb n\u00eb nivelet m\u00eb t\u00eb ul\u00ebta historike.<br \/>\nTregtar\u00ebt than\u00eb se gjat\u00eb pandemis\u00eb jo vet\u00ebm q\u00eb nuk u leht\u00ebsuan nga taksat, n\u00eb m\u00ebnyr\u00eb q\u00eb t\u00eb mbanin biznesin dhe po ashtu t\u00eb pun\u00ebsuarit, por mor\u00ebn edhe nj\u00eb ndihm\u00eb t\u00eb pap\u00ebrfillshme nga shteti.<br \/>\nPo ashtu, ata fol\u00ebn edhe p\u00ebr rritjen e taksave gjat\u00eb qeveris\u00eb Rama.<br \/>\nZonja Tabaku i siguroi se Partia Demokratike do ta mb\u00ebshtes\u00eb n\u00eb m\u00ebnyr\u00eb t\u00eb ve\u00e7ant\u00eb biznesin e vog\u00ebl.<br \/>\n\u201cPartia Demokratike e ka vendosur biznesin e vog\u00ebl n\u00eb qend\u00ebr t\u00eb programit. Nuk ka qen\u00eb, kam takuar 10 biznese deri tani. K\u00ebta e kan\u00eb mbyllur ekonomin\u00eb n\u00eb nj\u00eb grup njer\u00ebzish, n\u00eb nj\u00eb grusht njer\u00ebzish dhe nuk e l\u00ebn\u00eb biznesin e vog\u00ebl q\u00eb t\u00eb marr\u00eb frym\u00eb. Ky \u00ebsht\u00eb problemi kryesor. Partia Demokratike e ka vendosur biznesin e vog\u00ebl n\u00eb qend\u00ebr t\u00eb programit. Nuk ka qen\u00eb, kam takuar 10 biznese deri tani. Nuk ka qen\u00eb ndonj\u00ebher\u00eb k\u00ebshtu situata se po m\u00eb thon\u00eb \u00ebsht\u00eb nj\u00eb problem konsumi. Nuk ka njer\u00ebz q\u00eb blejn\u00eb, nuk l\u00ebviz malli nuk qarkullon\u201d, u shpreh Tabaku.<br \/>\nBISEDA<br \/>\nTregtar 1: Ka r\u00ebn\u00eb puna ka r\u00ebn\u00eb, me th\u00ebn\u00eb t\u00eb drejt\u00ebn dob\u00ebt jemi \u00e7ik!<br \/>\nJorida Tabaku: Po k\u00ebto tarifat e bashkis\u00eb si jan\u00eb? \u00c7a t\u00eb vjen me ujin? Ta sjellin k\u00ebt\u00eb tarif\u00ebn e infrastruktur\u00ebs n\u00eb arsim? I paguan t\u00eb gjitha, ke nuk ke pun\u00eb?<br \/>\nTregtar 1: Po nuk ke shanse mos t\u2019i paguash.<br \/>\nJorida Tabaku:  Gjat\u00eb pandemis\u00eb more ndonj\u00eb ndihm\u00eb?<br \/>\nTregtar 1: Na dhan\u00eb 26 mij\u00eb lek\u00eb n\u00eb muaj!<br \/>\nTregtar 2: E un\u00eb tani falimentova, me  k\u00ebto kontenier\u00ebt q\u00eb u ngrit\u00ebn tani nga 10 mij\u00eb, 15 mij\u00eb dollar\u00eb!<br \/>\nJorida Tabaku: Un\u00eb nuk e kisha par\u00eb ndonj\u00ebher\u00eb tregun \u00e7am si\u00e7 e kam par\u00eb dy her\u00ebt e fundit. Isha para nj\u00eb muaji dhe sot po nj\u00ebsoj, bosh fare.<br \/>\nTregtar 2: S\u2019ka nuk ka njer\u00ebz m\u00eb, nuk ka njer\u00ebz m\u00eb.  S\u2019ka njer\u00ebz, nuk ka konsum, nuk l\u00ebviz ekonomia!<br \/>\n&#8211; Puna mir\u00eb? Jeni lodhur, m\u00ebrzitur?<br \/>\nTregtar 3:  M\u00ebrzitur m\u00eb tep\u00ebr nga papun\u00ebsia! S\u2019ka konsum, nuk l\u00ebviz, nuk l\u00ebviz. Nuk ka pun\u00eb. Fare shikoje si \u00ebsht\u00eb!<br \/>\nJorida Tabaku: E pash\u00eb tregun, bosh! N\u00eb fakt keni produkte dhe pak specifike q\u00eb nuk shiten dot p\u00ebrdit\u00eb. Nuk ka lidhje me pandemin\u00eb. \u00cbsht\u00eb q\u00eb p\u00ebrpara pandemis\u00eb. K\u00ebta e kan\u00eb mbyllur ekonomin\u00eb n\u00eb nj\u00eb grup njer\u00ebzish, n\u00eb nj\u00eb grusht njer\u00ebzish dhe nuk e l\u00ebn\u00eb biznesin e vog\u00ebl q\u00eb t\u00eb marr\u00eb frym\u00eb. Ky \u00ebsht\u00eb problemi kryesor. Partia Demokratike e ka vendosur biznesin e vog\u00ebl n\u00eb qend\u00ebr t\u00eb programit. Nuk ka qen\u00eb, kam takuar 10 biznese deri tani. Nuk ka qen\u00eb ndonj\u00ebher\u00eb k\u00ebshtu situata se po m\u00eb thon\u00eb \u00ebsht\u00eb nj\u00eb problem konsumi. Nuk ka njer\u00ebz q\u00eb blejn\u00eb, nuk l\u00ebviz malli nuk qarkullon.<br \/>\nTregtar 4: Tarifat e bashkis\u00eb jan\u00eb m\u00eb keq.<br \/>\nJorida Tabaku: Paguan p\u00ebr hap\u00ebsirat publike k\u00ebtu? Infrastruktur\u00ebn n\u00eb arsim?<br \/>\nTregtar 4: Kam paguar 1 milion\u00eb e 700 mij\u00eb n\u00eb vit! S\u2019kam paguar asnj\u00eb gj\u00eb kur ka qen\u00eb Sala edhe kur ka qen\u00eb Lul Basha. Ku ka konsum, s\u2019ka. 200, 150 mij\u00eb lek\u00eb n\u00eb dit\u00eb as p\u00ebr buk\u00ebn e goj\u00ebs nuk po punojm\u00eb! Ka ardhur koha miserab\u00ebl k\u00ebtu. Ja ku e ke tregun \u00e7am, tregu \u00e7am nuk u \u00e7ante, tani tallen t\u00eb tjer\u00ebt tallen aq miserab\u00ebl \u00ebsht\u00eb k\u00ebtu. Sidomos importet, eksportet k\u00ebtu ka falimentuar.<\/p>","protected":false},"excerpt":{"rendered":"<p>Jorida Tabaku takim me tregtar\u00ebt n\u00eb \u201cTregut \u00c7am\u201d:Nuk ka njer\u00ebz q\u00eb blejn\u00eb, nuk l\u00ebviz malli nuk qarkullon, 1 milion\u00eb e 700 mij\u00eb taksa t\u00eb bashkis\u00eb \u201d Kandidatja e Partis\u00eb Demokratike n\u00eb Tiran\u00eb, Jorida Tabaku, u takua me tregtar\u00ebt e \u201cTregut \u00c7am\u201d, p\u00ebr t\u00eb biseduar mbi problemet q\u00eb ata kan\u00eb, ve\u00e7an\u00ebrisht n\u00eb koh\u00ebn kur ekonomia \u00ebsht\u00eb [&hellip;]<\/p>\n","protected":false},"author":2031,"featured_media":176406,"comment_status":"closed","ping_status":"closed","sticky":false,"template":"","format":"standard","meta":{"footnotes":""},"categories":[241,231,235],"tags":[2223,312,2224,329],"class_list":{"0":"post-176405","1":"post","2":"type-post","3":"status-publish","4":"format-standard","5":"has-post-thumbnail","7":"category-aktualitet","8":"category-lajme","9":"category-vendi","10":"tag-jorida-tabaku","11":"tag-lajme","12":"tag-tregtaret","13":"tag-zjarr-tv"},"_links":{"self":[{"href":"https:\/\/zjarr.tv\/en\/wp-json\/wp\/v2\/posts\/176405","targetHints":{"allow":["GET"]}}],"collection":[{"href":"https:\/\/zjarr.tv\/en\/wp-json\/wp\/v2\/posts"}],"about":[{"href":"https:\/\/zjarr.tv\/en\/wp-json\/wp\/v2\/types\/post"}],"author":[{"embeddable":true,"href":"https:\/\/zjarr.tv\/en\/wp-json\/wp\/v2\/users\/2031"}],"replies":[{"embeddable":true,"href":"https:\/\/zjarr.tv\/en\/wp-json\/wp\/v2\/comments?post=176405"}],"version-history":[{"count":0,"href":"https:\/\/zjarr.tv\/en\/wp-json\/wp\/v2\/posts\/176405\/revisions"}],"wp:featuredmedia":[{"embeddable":true,"href":"https:\/\/zjarr.tv\/en\/wp-json\/wp\/v2\/media\/176406"}],"wp:attachment":[{"href":"https:\/\/zjarr.tv\/en\/wp-json\/wp\/v2\/media?parent=176405"}],"wp:term":[{"taxonomy":"category","embeddable":true,"href":"https:\/\/zjarr.tv\/en\/wp-json\/wp\/v2\/categories?post=176405"},{"taxonomy":"post_tag","embeddable":true,"href":"https:\/\/zjarr.tv\/en\/wp-json\/wp\/v2\/tags?post=176405"}],"curies":[{"name":"wp","href":"https:\/\/api.w.org\/{rel}","templated":true}]}}