{"id":176410,"date":"2021-04-08T17:40:27","date_gmt":"2021-04-08T15:40:27","guid":{"rendered":"https:\/\/zjarr.tv\/?p=176410"},"modified":"2021-04-08T17:40:27","modified_gmt":"2021-04-08T15:40:27","slug":"20-punetore-kam-larguar-nga-puna-biznesi-ne-kavaje-ne-falimentim-grida-duma-ne-punetorine-e-drurit-25-prilli-do-te-sjelle-fitoren-per-cdo-bisnes-e-qytetar","status":"publish","type":"post","link":"https:\/\/zjarr.tv\/en\/20-punetore-kam-larguar-nga-puna-biznesi-ne-kavaje-ne-falimentim-grida-duma-ne-punetorine-e-drurit-25-prilli-do-te-sjelle-fitoren-per-cdo-bisnes-e-qytetar\/","title":{"rendered":"20 pun\u00ebtor\u00eb kam larguar nga puna\u201d, biznesi n\u00eb Kavaj\u00eb n\u00eb falimentim\/Grida Duma n\u00eb pun\u00ebtorin\u00eb e drurit: 25 Prilli do t\u00eb sjell\u00eb fitoren p\u00ebr cdo bisnes e qytetar!\u201d"},"content":{"rendered":"<p>Grida Duma ishte n\u00eb nj\u00eb pun\u00ebtori t\u00eb drurit n\u00eb Kavaj\u00eb, puna e s\u00eb cil\u00ebs ka r\u00ebn\u00eb p\u00ebr shkak t\u00eb pandemis\u00eb. Pronari i cili e zhvillon k\u00ebt\u00eb biznes prej 20 vitesh, theksoi se shteti nuk e ka ndihmuar dhe p\u00ebr k\u00ebt\u00eb shkak \u00ebsht\u00eb detyruar t\u00eb largoj\u00eb nga puna 20 punonj\u00ebs.<br \/>\n\u201cKemi falimentuar edhe pse dikur punonim shume mire. N\u00eb koh\u00ebn e PD-s\u00eb  kisha aq shum\u00eb pun\u00eb sa nuk e p\u00ebrballoja dot nd\u00ebrsa sot jam n\u00eb falimet por falimenti m\u00eb i madh \u00ebsht\u00eb ai q\u00eb na drejton. Pandemia jon\u00eb m\u00eb e madhe \u00ebsht\u00eb ai. Kam 20 vite me k\u00ebt\u00eb bisnes. N\u00eb Kavaj\u00eb nuk ka m\u00eb asnj\u00eb firm\u00eb nd\u00ebrtimi m\u00eb q\u00eb mbijeton. Ekonomia \u00ebsht\u00eb shkat\u00ebruar nga firmat e Ram\u00ebs. Sot punojn\u00eb 5 e vdesin mij\u00ebra. Dje mbanim 20 punonj\u00ebs sot nuk arrijm\u00eb t\u00eb mbajm\u00eb veten ton\u00eb. K\u00ebta p\u00ebr t\u00eb nd\u00ebshkuar vijn\u00eb edhe 8 her\u00eb n\u00eb dit\u00eb p\u00ebr t\u00eb vendosur gjobat\u201d, tha ai n\u00eb bashk\u00ebbisedim me Grida Dum\u00ebn.<br \/>\nAjo theksoi se me ardhjen n\u00eb psuhtet t\u00eb Partis\u00eb Demokratike, do t\u00eb fillohet nga ekonomia.<br \/>\n\u201cRritje t\u00eb konsumit, duke rritur pagat, uljen e kontributeve shoq\u00ebrore, taks\u00ebn 9%, uljen e \u00e7mimit t\u00eb naft\u00ebs, tatimor\u00ebt nuk do t\u00eb vijn\u00eb m\u00eb, sa t\u00eb rim\u00ebk\u00ebmbet ekonomia. K\u00ebta duan patjet\u00ebr t\u00eb t\u00eb nd\u00ebshkojn\u00eb, t\u00eb t\u00eb godasin. 25 Prilli do t\u00eb sjell\u00eb fitoren p\u00ebr cdo bisnes e qytetar!\u201d, tha Grida Duma.<\/p>","protected":false},"excerpt":{"rendered":"<p>Grida Duma ishte n\u00eb nj\u00eb pun\u00ebtori t\u00eb drurit n\u00eb Kavaj\u00eb, puna e s\u00eb cil\u00ebs ka r\u00ebn\u00eb p\u00ebr shkak t\u00eb pandemis\u00eb. Pronari i cili e zhvillon k\u00ebt\u00eb biznes prej 20 vitesh, theksoi se shteti nuk e ka ndihmuar dhe p\u00ebr k\u00ebt\u00eb shkak \u00ebsht\u00eb detyruar t\u00eb largoj\u00eb nga puna 20 punonj\u00ebs. \u201cKemi falimentuar edhe pse dikur punonim [&hellip;]<\/p>\n","protected":false},"author":2031,"featured_media":176411,"comment_status":"closed","ping_status":"closed","sticky":false,"template":"","format":"standard","meta":{"footnotes":""},"categories":[1],"tags":[2225,2226,312,329],"class_list":{"0":"post-176410","1":"post","2":"type-post","3":"status-publish","4":"format-standard","5":"has-post-thumbnail","7":"category-uncategorized-sq","8":"tag-grida-duma","9":"tag-kavaje","10":"tag-lajme","11":"tag-zjarr-tv"},"_links":{"self":[{"href":"https:\/\/zjarr.tv\/en\/wp-json\/wp\/v2\/posts\/176410","targetHints":{"allow":["GET"]}}],"collection":[{"href":"https:\/\/zjarr.tv\/en\/wp-json\/wp\/v2\/posts"}],"about":[{"href":"https:\/\/zjarr.tv\/en\/wp-json\/wp\/v2\/types\/post"}],"author":[{"embeddable":true,"href":"https:\/\/zjarr.tv\/en\/wp-json\/wp\/v2\/users\/2031"}],"replies":[{"embeddable":true,"href":"https:\/\/zjarr.tv\/en\/wp-json\/wp\/v2\/comments?post=176410"}],"version-history":[{"count":0,"href":"https:\/\/zjarr.tv\/en\/wp-json\/wp\/v2\/posts\/176410\/revisions"}],"wp:featuredmedia":[{"embeddable":true,"href":"https:\/\/zjarr.tv\/en\/wp-json\/wp\/v2\/media\/176411"}],"wp:attachment":[{"href":"https:\/\/zjarr.tv\/en\/wp-json\/wp\/v2\/media?parent=176410"}],"wp:term":[{"taxonomy":"category","embeddable":true,"href":"https:\/\/zjarr.tv\/en\/wp-json\/wp\/v2\/categories?post=176410"},{"taxonomy":"post_tag","embeddable":true,"href":"https:\/\/zjarr.tv\/en\/wp-json\/wp\/v2\/tags?post=176410"}],"curies":[{"name":"wp","href":"https:\/\/api.w.org\/{rel}","templated":true}]}}