{"id":176415,"date":"2021-04-08T17:53:25","date_gmt":"2021-04-08T15:53:25","guid":{"rendered":"https:\/\/zjarr.tv\/?p=176415"},"modified":"2021-04-08T17:54:02","modified_gmt":"2021-04-08T15:54:02","slug":"ogerta-manastirliutentative-cmendurake-per-bllokimin-e-fushates-se-vaksinimit-nxitjen-e-rremujes-ne-prag-te-zgjedhjeve","status":"publish","type":"post","link":"https:\/\/zjarr.tv\/en\/ogerta-manastirliutentative-cmendurake-per-bllokimin-e-fushates-se-vaksinimit-nxitjen-e-rremujes-ne-prag-te-zgjedhjeve\/","title":{"rendered":"Ogerta Manastirliu:Tentativ\u00eb \u00e7mendurake p\u00ebr bllokimin e fushat\u00ebs s\u00eb vaksinimit.Nxitje e rr\u00ebmuj\u00ebs n\u00eb prag t\u00eb zgjedhjeve"},"content":{"rendered":"<p>N\u00eb nj\u00eb postim n\u00eb Twitter, ministrja Ogerta Manastirliu e ka quajtur \u00e7mendurake protesten e konrollor\u00ebve n\u00eb aeroportin e Rinasit,gjithashtu ajo e quan nxitje p\u00ebr rr\u00ebmuj\u00eb n\u00eb prag t\u00eb zgjedhjeve.<br \/>\nN\u00eb aeroport ajo ka q\u00ebn\u00eb e shoq\u00ebruar edhe nga Belinda BALLUKU<br \/>\nPostimi:<br \/>\nAeroporti N\u00ebn\u00eb Tereza &#8211; Me nj\u00eb dit\u00eb vones\u00eb p\u00ebr shkak t\u00eb tentativ\u00ebs \u00e7mendurake p\u00ebr bllokimin e fushat\u00ebs s\u00eb vaksinimit dhe nxitjen e rr\u00ebmuj\u00ebs n\u00eb prag t\u00eb zgjedhjeve, mb\u00ebrrijn\u00eb 100,000 vaksina t\u00eb tjera .<\/p>","protected":false},"excerpt":{"rendered":"<p>N\u00eb nj\u00eb postim n\u00eb Twitter, ministrja Ogerta Manastirliu e ka quajtur \u00e7mendurake protesten e konrollor\u00ebve n\u00eb aeroportin e Rinasit,gjithashtu ajo e quan nxitje p\u00ebr rr\u00ebmuj\u00eb n\u00eb prag t\u00eb zgjedhjeve. N\u00eb aeroport ajo ka q\u00ebn\u00eb e shoq\u00ebruar edhe nga Belinda BALLUKU Postimi: Aeroporti N\u00ebn\u00eb Tereza &#8211; Me nj\u00eb dit\u00eb vones\u00eb p\u00ebr shkak t\u00eb tentativ\u00ebs \u00e7mendurake p\u00ebr [&hellip;]<\/p>\n","protected":false},"author":2031,"featured_media":176416,"comment_status":"closed","ping_status":"closed","sticky":false,"template":"","format":"standard","meta":{"footnotes":""},"categories":[241,231,235],"tags":[312,2227,329],"class_list":{"0":"post-176415","1":"post","2":"type-post","3":"status-publish","4":"format-standard","5":"has-post-thumbnail","7":"category-aktualitet","8":"category-lajme","9":"category-vendi","10":"tag-lajme","11":"tag-manastirliu","12":"tag-zjarr-tv"},"_links":{"self":[{"href":"https:\/\/zjarr.tv\/en\/wp-json\/wp\/v2\/posts\/176415","targetHints":{"allow":["GET"]}}],"collection":[{"href":"https:\/\/zjarr.tv\/en\/wp-json\/wp\/v2\/posts"}],"about":[{"href":"https:\/\/zjarr.tv\/en\/wp-json\/wp\/v2\/types\/post"}],"author":[{"embeddable":true,"href":"https:\/\/zjarr.tv\/en\/wp-json\/wp\/v2\/users\/2031"}],"replies":[{"embeddable":true,"href":"https:\/\/zjarr.tv\/en\/wp-json\/wp\/v2\/comments?post=176415"}],"version-history":[{"count":0,"href":"https:\/\/zjarr.tv\/en\/wp-json\/wp\/v2\/posts\/176415\/revisions"}],"wp:featuredmedia":[{"embeddable":true,"href":"https:\/\/zjarr.tv\/en\/wp-json\/wp\/v2\/media\/176416"}],"wp:attachment":[{"href":"https:\/\/zjarr.tv\/en\/wp-json\/wp\/v2\/media?parent=176415"}],"wp:term":[{"taxonomy":"category","embeddable":true,"href":"https:\/\/zjarr.tv\/en\/wp-json\/wp\/v2\/categories?post=176415"},{"taxonomy":"post_tag","embeddable":true,"href":"https:\/\/zjarr.tv\/en\/wp-json\/wp\/v2\/tags?post=176415"}],"curies":[{"name":"wp","href":"https:\/\/api.w.org\/{rel}","templated":true}]}}