{"id":176425,"date":"2021-04-08T18:42:17","date_gmt":"2021-04-08T16:42:17","guid":{"rendered":"https:\/\/zjarr.tv\/?p=176425"},"modified":"2021-04-08T18:42:17","modified_gmt":"2021-04-08T16:42:17","slug":"frrok-cupi-sulmon-kurtin-dhe-meten-kombi-shqiptar-po-mbytet-nga-te-vetet-njeri-bllokoi-morinen-dhe-vaksinimin-tjetri-rinasin-qe-te-mos-vinin-vaksinat","status":"publish","type":"post","link":"https:\/\/zjarr.tv\/en\/frrok-cupi-sulmon-kurtin-dhe-meten-kombi-shqiptar-po-mbytet-nga-te-vetet-njeri-bllokoi-morinen-dhe-vaksinimin-tjetri-rinasin-qe-te-mos-vinin-vaksinat\/","title":{"rendered":"Frrok \u00c7upi sulmon Kurtin dhe Met\u00ebn: Kombi shqiptar po mbytet nga t\u00eb vet\u00ebt?! Nj\u00ebri bllokoi Morin\u00ebn dhe vaksinimin, tjetri Rinasin q\u00eb t\u00eb mos vinin vaksinat"},"content":{"rendered":"<p>Analisti Frrok \u00c7upi ka sulmuar kryeministrin e Kosov\u00ebs Albin Kurti dhe presidentin e Shqip\u00ebris\u00eb Ilir Meta p\u00ebr bllokimin e pik\u00ebs kufitare t\u00eb Morin\u00ebs dhe aeroportin e Rinasit.<\/p>\n<p>\u00c7upi shkruan se Kurti e bllokoi Morin\u00ebn p\u00ebr t\u00eb mos i lejuar shqiptar\u00ebt e Kosov\u00ebs q\u00eb t\u00eb vaksinohen n\u00eb Kuk\u00ebs, nd\u00ebrsa thot\u00eb se bllokimi i aeroportit t\u00eb Rinasit \u00ebsht\u00eb b\u00ebr\u00eb nga Ilir Meta, i cili nuk donte t\u00eb lejonte q\u00eb vaksinat t\u00eb silleshin n\u00eb Shqip\u00ebri.<\/p>\n<p>&nbsp;<\/p>\n<p>Shkruan Frrok \u00c7upi:<\/p>\n<p>Nuk mund t\u00eb thuash se cila nga kalimet kufitare u bllokua e para: Morina apo Rinasi?! Ndoshta ka ndodhur si n\u00eb paradigm\u00ebn \u2018pula vez\u00ebn, apo veza pul\u00ebn\u2019. Shpesh n\u00eb jet\u00ebn ton\u00eb na ndodh si n\u00eb figur\u00ebn e krimit: Nj\u00ebri autor krimi zbulon tjetrin.<\/p>\n<p>&nbsp;<\/p>\n<p>a)Kufiri n\u00eb Morin\u00eb u bllokua me q\u00ebllimin e par\u00eb q\u00eb shqiptar\u00ebt e Kosov\u00ebs t\u00eb mos vaksinohen n\u00eb Kuk\u00ebs.<\/p>\n<p>&nbsp;<\/p>\n<p>b)Kufiri ajror i Rinasit u bllokua me q\u00ebllimin e par\u00eb q\u00eb t\u00eb mos uleshin nga ajri vaksinat p\u00ebr popullat\u00ebn.<\/p>\n<p>K\u00ebsaj here kombi shqiptar \u00ebsht\u00eb gjetur i mbyllur n\u00eb thes: Blloko vaksinimin nga s\u00ebmundja bot\u00ebrore e shekullit, Covid19,\u00a0 dhe at\u00ebher\u00eb kombin mund ta rrahin si macen\u2026<\/p>\n<p>A do t\u00eb mbytet kombi shqiptar nga t\u00eb vet\u00ebt?<\/p>\n<p>Dilema e tragjedis\u00eb s\u00eb Hamletit, vjen si fantazm\u00eb kufijsh e pushtetesh, tanim\u00eb edhe p\u00ebr kombin ton\u00eb. Nuk ka asnj\u00eb faj kombi (si\u00e7 akuzojn\u00eb disa pervers\u00eb) pse ka n\u00eb krye k\u00ebta njer\u00ebz q\u00eb e mbyllin n\u00eb thes si macen. Nuk \u00ebsht\u00eb as dilema n\u00ebse kombi i hap kufijt\u00eb, i ul avion\u00ebt, i merr vaksinat\u2026, sepse k\u00ebt\u00eb e b\u00ebri. \u00c7\u00ebshtja \u00ebsht\u00eb pse nuk konfiskohen thas\u00ebt, litar\u00ebt, kufijt\u00eb, parat\u00eb, mjetet\u2026, etj., me t\u00eb cilat lidhet kombi nj\u00eb dit\u00eb t\u00eb caktuar?<\/p>\n<p>P\u00ebrtej \u00e7do akti ka disa linja:<\/p>\n<p>1.<\/p>\n<p>Pse e ndaloi Kurti i Kosov\u00ebs kalimin kufitar p\u00ebr t\u2019u vaksinuar n\u00eb Kuk\u00ebs, e dini? \u00cbsht\u00eb shum\u00eb e thjesht\u00eb, madje e ul\u00ebt. Albini ka n\u00eb kok\u00eb \u2018luft\u00ebn e\u00a0 ftoht\u00eb\u2019, dhe k\u00ebt\u00eb do ta aplikoj\u00eb s\u00eb pari me kavjet e veta si\u00e7 e quan kombin shqiptar. Kombit, n\u00eb dy pjes\u00ebt, i v\u00eb drynin, dhe kaq. Shqiptar\u00ebt e Kosov\u00ebs jan\u00eb nisur e po vaksinohen n\u00eb Beograd, por aq i b\u00ebn Albinit; mjaft q\u00eb bllokoi linj\u00ebn \u2018shqiptar me shqiptar\u2019.<\/p>\n<p>&nbsp;<\/p>\n<p>Kur mund ta hap\u00eb traun Albini?\u2026 Kur t\u00eb mbaroj\u00eb lufta e tij. Lufta e tij \u00ebsht\u00eb q\u00eb edhe n\u00eb Tiran\u00eb t\u00eb p\u00ebrcaktoj\u00eb fituesin n\u00eb zgjedhjet e 25 prillit. N\u00ebse fitojn\u00eb Meta dhe Berisha, Kurti hap thesin ku ka futur \u2018macen komb\u2019. Politika e qeveris\u00eb s\u00eb re marksiste n\u00eb Kosov\u00eb po tenton nj\u00eb Shqip\u00ebri t\u00eb prer\u00eb n\u00eb nj\u00eb vij\u00eb tjet\u00ebr: N\u00eb lumin Mat ose Shkumbin. Andej nga Jugu nuk e ka qejfin\u2026<\/p>\n<p>Ideja e ndarjes s\u00eb kombit ka d\u00ebshtuar edhe n\u00eb vitin 1997. Presidenti pati bllokuar krahinat, pati nisur militant\u00ebt p\u00ebr t\u00eb sulmuar Jugun; pati urdh\u00ebruar prerjen e Mifolit dhe urave t\u00eb\u00a0 tjera, pati ndaluar transportin e ushqimeve dhe ila\u00e7eve\u2026, por ja ku \u00ebsht\u00eb.<\/p>\n<p>2.<\/p>\n<p>Pse e bllokoi Ilir Meta aeroportin e Rinasit? Prej koh\u00ebsh po b\u00ebjn\u00eb thirje \u2018mos u vaksinoni!\u2019me q\u00ebllim shp\u00ebrthimin e kaosit. Kjo nuk po ndodhte, at\u00ebher\u00eb bllokuan transportin ajror. D\u00ebshmi nga media po thon\u00eb se presidenti ka takuar, p\u00ebrgjat\u00eb gjith\u00eb nat\u00ebs, militant\u00ebt e LSI q\u00eb akoma punojn\u00eb n\u00eb Albcontrol. Ata u than\u00eb t\u00eb tjer\u00ebve dhe\u2026 i vun\u00eb drynin. Edhe sikur t\u00eb mos kishte ndodhur kjo, presidenti i Republik\u00ebs po injekton zjarrmin\u00eb e konfliktit komb\u00ebtar. K\u00ebtu jan\u00eb disa lider\u00eb, inklud\u00eb Met\u00ebn, q\u00eb ndjejn\u00eb se po vjen dita t\u00eb japin llogari p\u00ebr krimet. Zhdukja e tjetrit \u00ebsht\u00eb fshehja m\u00eb e mir\u00eb e krimit- prandaj e duan k\u00ebta luft\u00ebn dhe trazir\u00ebn komb\u00ebtare. Duhet t\u00eb paguajn\u00eb p\u00ebr \u00e7far\u00eb b\u00ebn\u00eb. Sa pa ndodhur kjo, ata m\u00eb par\u00eb mbyllin thesin e \u2018kombit mace\u2019 dhe e mbysin. E duan vdekjen e\u00a0 njer\u00ebzve, e duan si shpirtin.<\/p>\n<p>Pas k\u00ebsaj mbyllet linja tjet\u00ebr: Rruga Amerik\u00ebs. Ushtrit\u00eb e Amerik\u00ebs dhe NATO-s, k\u00ebto dit\u00eb kan\u00eb n\u00eb plan st\u00ebrvitjen m\u00eb t\u00eb madhe n\u00eb rajonin ton\u00eb. Po nga do t\u00eb kalojn\u00eb ushtrit\u00eb me qiell t\u00eb ky\u00e7ur?! Aleat\u00ebt kan\u00eb mbetur garanci e vetme p\u00ebr paqen ton\u00eb. Sa p\u00ebr ne shqiptar\u00ebt (shqiptar\u00eb gjykat\u00ebs dhe politikan\u00eb) tiran\u00ebt tan\u00eb vdesin n\u00eb shtrat floriri. Vini re: Amerika st\u00ebrvit trupat nga toka, ajri e deti pik\u00ebrisht n\u00eb 26 prill. Po thon\u00eb se \u2018Elefanti\u2019 ulet k\u00ebtu p\u00ebr t\u00eb shtypur \u2018miz\u00ebn\u2019 q\u00eb t\u00eb shp\u00ebtoj\u00eb popullin, por kjo \u00ebsht\u00eb alegoria e fatit ton\u00eb.<\/p>\n<p>K\u00ebta k\u00ebtu, k\u00ebshtu duken, si miza, por punojn\u00eb p\u00ebr t\u00eb na mbyllur n\u00eb thes. A do t\u2018ua heqim k\u00ebsaj here t\u00eb drejt\u00ebn e p\u00ebrdorimit mbi thesin, litar\u00ebt, kufijt\u00eb, urat, vaksinat, parat\u00eb, mjetet?!\u2026<\/p>\n<p>Nuk dihet cila nga pikat kufitare u bllokua e para: Rinasi apo Morina!<\/p>","protected":false},"excerpt":{"rendered":"<p>Analisti Frrok \u00c7upi ka sulmuar kryeministrin e Kosov\u00ebs Albin Kurti dhe presidentin e Shqip\u00ebris\u00eb Ilir Meta p\u00ebr bllokimin e pik\u00ebs kufitare t\u00eb Morin\u00ebs dhe aeroportin e Rinasit. \u00c7upi shkruan se Kurti e bllokoi Morin\u00ebn p\u00ebr t\u00eb mos i lejuar shqiptar\u00ebt e Kosov\u00ebs q\u00eb t\u00eb vaksinohen n\u00eb Kuk\u00ebs, nd\u00ebrsa thot\u00eb se bllokimi i aeroportit t\u00eb Rinasit [&hellip;]<\/p>\n","protected":false},"author":2031,"featured_media":176426,"comment_status":"closed","ping_status":"closed","sticky":false,"template":"","format":"standard","meta":{"footnotes":""},"categories":[364],"tags":[2230,2231,2186,355,329],"class_list":{"0":"post-176425","1":"post","2":"type-post","3":"status-publish","4":"format-standard","5":"has-post-thumbnail","7":"category-koment-opinion","8":"tag-cupi","9":"tag-kurti","10":"tag-meta","11":"tag-opinion","12":"tag-zjarr-tv"},"_links":{"self":[{"href":"https:\/\/zjarr.tv\/en\/wp-json\/wp\/v2\/posts\/176425","targetHints":{"allow":["GET"]}}],"collection":[{"href":"https:\/\/zjarr.tv\/en\/wp-json\/wp\/v2\/posts"}],"about":[{"href":"https:\/\/zjarr.tv\/en\/wp-json\/wp\/v2\/types\/post"}],"author":[{"embeddable":true,"href":"https:\/\/zjarr.tv\/en\/wp-json\/wp\/v2\/users\/2031"}],"replies":[{"embeddable":true,"href":"https:\/\/zjarr.tv\/en\/wp-json\/wp\/v2\/comments?post=176425"}],"version-history":[{"count":0,"href":"https:\/\/zjarr.tv\/en\/wp-json\/wp\/v2\/posts\/176425\/revisions"}],"wp:featuredmedia":[{"embeddable":true,"href":"https:\/\/zjarr.tv\/en\/wp-json\/wp\/v2\/media\/176426"}],"wp:attachment":[{"href":"https:\/\/zjarr.tv\/en\/wp-json\/wp\/v2\/media?parent=176425"}],"wp:term":[{"taxonomy":"category","embeddable":true,"href":"https:\/\/zjarr.tv\/en\/wp-json\/wp\/v2\/categories?post=176425"},{"taxonomy":"post_tag","embeddable":true,"href":"https:\/\/zjarr.tv\/en\/wp-json\/wp\/v2\/tags?post=176425"}],"curies":[{"name":"wp","href":"https:\/\/api.w.org\/{rel}","templated":true}]}}