{"id":176434,"date":"2021-04-08T19:04:42","date_gmt":"2021-04-08T17:04:42","guid":{"rendered":"https:\/\/zjarr.tv\/?p=176434"},"modified":"2021-04-08T19:04:42","modified_gmt":"2021-04-08T17:04:42","slug":"plani-ambicioz-i-presidentit-erdogan-admiralet-turq-rebelohen","status":"publish","type":"post","link":"https:\/\/zjarr.tv\/en\/plani-ambicioz-i-presidentit-erdogan-admiralet-turq-rebelohen\/","title":{"rendered":"Plani ambicioz i Presidentit Erdogan\/Admiral\u00ebt turq rebelohen"},"content":{"rendered":"<p>Plani ambicioz i Presidentit Erdogan p\u00ebr t\u00eb nd\u00ebrtuar nj\u00eb kanal t\u00eb ri\u00a0n\u00eb Stamboll po ngre shqet\u00ebsime t\u00eb r\u00ebnd\u00ebsishme n\u00eb lidhje me t\u00eb ardhmen e konvent\u00ebs s\u00eb vitit 1936 q\u00eb qeveris ngushticat turke.<\/p>\n<p>Qeveria e Turqis\u00eb ka reaguar keq ndaj kritikave t\u00eb fundit p\u00ebr projektin e saj ambicioz t\u00eb kanalit. Zyra e Prokurorit n\u00eb Ankara urdh\u00ebroi t\u00eb h\u00ebn\u00ebn ndalimin e 14 admiral\u00ebve pas akuzave t\u00eb qeveris\u00eb q\u00eb ata k\u00ebrkuan nj\u00eb grusht shteti.<\/p>\n<p>&#8220;Nj\u00eb hetim filloi &#8230; mbi krimin e&#8221; marr\u00ebveshjes p\u00ebr t\u00eb kryer nj\u00eb krim kund\u00ebr siguris\u00eb s\u00eb shtetit dhe rendit kushtetues &#8220;&#8221; tha zyra.<\/p>\n<p>Ndalimet vijn\u00eb pasi rreth 104 admiral\u00eb t\u00eb marin\u00ebs turke n\u00eb pension n\u00eb nj\u00eb deklarat\u00eb t\u00eb p\u00ebrbashk\u00ebt t\u00eb Shtun\u00ebn kritikuan planet p\u00ebr t\u00eb vazhduar me nd\u00ebrtimin e nj\u00eb kanali t\u00eb ri pran\u00eb Stambollit dhe potencialisht prishjen e Konvent\u00ebs s\u00eb Montreux, marr\u00ebveshjes nd\u00ebrkomb\u00ebtare q\u00eb rregullon ngushticat turke.<\/p>\n<p>Sipas informacionit zyrtar, &#8220;Kanali i Stambollit&#8221; \u00ebsht\u00eb i nevojsh\u00ebm p\u00ebr t\u00eb leht\u00ebsuar qarkullimin n\u00eb Bosfor &#8211; nj\u00eb rrug\u00eb ujore qendrore e tregtis\u00eb bot\u00ebrore p\u00ebrmes s\u00eb cil\u00ebs kaluan m\u00eb shum\u00eb se 38,000 anije vitin e kaluar.\u00a0Kritik\u00ebt kan\u00eb frik\u00eb, megjithat\u00eb, se projekti, i cili kushton rreth tet\u00eb miliard\u00eb euro, mund t\u00eb minoj\u00eb kontrat\u00ebn e Montreux.<\/p>\n<p>&#8220;Montreux [Konventa] \u00ebsht\u00eb dokumenti kryesor i siguris\u00eb s\u00eb vendeve n\u00eb Detin e Zi dhe e b\u00ebn at\u00eb nj\u00eb det paqeje,&#8221; than\u00eb ish-admiral\u00ebt.<\/p>\n","protected":false},"excerpt":{"rendered":"<p>Plani ambicioz i Presidentit Erdogan p\u00ebr t\u00eb nd\u00ebrtuar nj\u00eb kanal t\u00eb ri\u00a0n\u00eb Stamboll po ngre shqet\u00ebsime t\u00eb r\u00ebnd\u00ebsishme n\u00eb lidhje me t\u00eb ardhmen e konvent\u00ebs s\u00eb vitit 1936 q\u00eb qeveris ngushticat turke. Qeveria e Turqis\u00eb ka reaguar keq ndaj kritikave t\u00eb fundit p\u00ebr projektin e saj ambicioz t\u00eb kanalit. Zyra e Prokurorit n\u00eb Ankara urdh\u00ebroi [&hellip;]<\/p>\n","protected":false},"author":2031,"featured_media":176435,"comment_status":"closed","ping_status":"closed","sticky":false,"template":"","format":"standard","meta":{"footnotes":""},"categories":[231],"tags":[2189,312,329],"class_list":{"0":"post-176434","1":"post","2":"type-post","3":"status-publish","4":"format-standard","5":"has-post-thumbnail","7":"category-lajme","8":"tag-erdogan","9":"tag-lajme","10":"tag-zjarr-tv"},"_links":{"self":[{"href":"https:\/\/zjarr.tv\/en\/wp-json\/wp\/v2\/posts\/176434","targetHints":{"allow":["GET"]}}],"collection":[{"href":"https:\/\/zjarr.tv\/en\/wp-json\/wp\/v2\/posts"}],"about":[{"href":"https:\/\/zjarr.tv\/en\/wp-json\/wp\/v2\/types\/post"}],"author":[{"embeddable":true,"href":"https:\/\/zjarr.tv\/en\/wp-json\/wp\/v2\/users\/2031"}],"replies":[{"embeddable":true,"href":"https:\/\/zjarr.tv\/en\/wp-json\/wp\/v2\/comments?post=176434"}],"version-history":[{"count":0,"href":"https:\/\/zjarr.tv\/en\/wp-json\/wp\/v2\/posts\/176434\/revisions"}],"wp:featuredmedia":[{"embeddable":true,"href":"https:\/\/zjarr.tv\/en\/wp-json\/wp\/v2\/media\/176435"}],"wp:attachment":[{"href":"https:\/\/zjarr.tv\/en\/wp-json\/wp\/v2\/media?parent=176434"}],"wp:term":[{"taxonomy":"category","embeddable":true,"href":"https:\/\/zjarr.tv\/en\/wp-json\/wp\/v2\/categories?post=176434"},{"taxonomy":"post_tag","embeddable":true,"href":"https:\/\/zjarr.tv\/en\/wp-json\/wp\/v2\/tags?post=176434"}],"curies":[{"name":"wp","href":"https:\/\/api.w.org\/{rel}","templated":true}]}}