{"id":176457,"date":"2021-04-09T07:44:07","date_gmt":"2021-04-09T05:44:07","guid":{"rendered":"https:\/\/zjarr.tv\/?p=176457"},"modified":"2021-04-09T07:44:40","modified_gmt":"2021-04-09T05:44:40","slug":"monika-kryemadhi-edi-rama-do-te-shtypet-si-mize-dhe-do-zhduket-si-specie-ne-25-prill","status":"publish","type":"post","link":"https:\/\/zjarr.tv\/en\/monika-kryemadhi-edi-rama-do-te-shtypet-si-mize-dhe-do-zhduket-si-specie-ne-25-prill\/","title":{"rendered":"Monika Kryemadhi: Edi Rama do t\u00eb shtypet si miz\u00eb dhe do zhduket si specie n\u00eb 25 Prill\u2026"},"content":{"rendered":"<p>Monika Kryemadhi, zhvilloi nj\u00eb takim me banor\u00ebt e nj\u00ebsis\u00eb 2 n\u00eb Tiran\u00eb, ku shp\u00ebrtheu n\u00eb akuza ndaj kryeministrit Edi Rama. Kryetarja e LSI-s\u00eb, shprehet se kreu i qeveris\u00eb do t\u00eb \u00a0\u201cshtypet si nj\u00eb miz\u00eb\u201d, n\u00eb 25 Prill. Nga ana tjet\u00ebr, ajo foli edhe p\u00ebr angazhimin e LSI-s\u00eb, p\u00ebr t\u00eb rikthyer t\u00eb rinjt\u00eb n\u00eb Shqip\u00ebri.<\/p>\n<p>\u201cT\u00eb rinjt\u00eb dhe t\u00eb rejat shqiptar\u00eb sot m\u00eb shum\u00eb se kurr\u00eb, si\u00e7 jan\u00eb k\u00ebtu n\u00eb k\u00ebt\u00eb takim, ku do t\u2019iu b\u00ebja k\u00ebrkes\u00eb q\u00eb t\u00eb ruajm\u00eb nj\u00ebri tjetrin, jo se kovidi na z\u00eb ne, por p\u00ebr t\u00eb ruajtur v\u00ebllez\u00ebrit tan\u00eb polic\u00eb, q\u00eb t\u00eb mos i detyrojn\u00eb t\u00eb vijn\u00eb t\u2019iu gjobisin ju dhe mos t\u2019i detyrojn\u00eb v\u00ebllez\u00ebrit tan\u00eb q\u00eb t\u00eb p\u00ebrballen me ju. Ne e dim\u00eb shum\u00eb mir\u00eb se \u00e7far\u00eb mendon Edi Rama p\u00ebr qytetar\u00ebt e Tiran\u00ebs. Ne e dim\u00eb shum\u00eb mir\u00eb se \u00e7far\u00eb mendon Edi Rama p\u00ebr shqiptar\u00ebt. Dhe nuk na b\u00ebhet von\u00eb fare se \u00e7far\u00eb mendon ai.<\/p>\n<p>Sepse ne duam t\u00eb b\u00ebjm\u00eb m\u00eb t\u00eb mir\u00ebn p\u00ebr t\u00eb rinjt\u00eb dhe p\u00ebr t\u00eb rejat, t\u2019i kthejm\u00eb djemt\u00eb dhe vajzat e shqiptar\u00ebve n\u00eb Shqip\u00ebri, t\u00eb jetojn\u00eb n\u00eb Shqip\u00ebri, ta b\u00ebjm\u00eb Shqip\u00ebrin\u00eb sht\u00ebpin\u00eb e shqiptar\u00ebve, ta b\u00ebjm\u00eb Shqip\u00ebrin\u00eb sht\u00ebpin\u00eb ton\u00eb. Rama ka ikur, por Rama do iki m\u00eb 25 prill me vot\u00ebn tuaj, sepse ne dim\u00eb t\u00eb tregojm\u00eb q\u00eb jemi qytetar\u00eb e qytetare europian\u00eb.<\/p>\n<p>Por ne dim\u00eb t\u00eb tregojm\u00eb edhe an\u00ebn tjet\u00ebr t\u00eb monedh\u00ebs, kur n\u00ebse Edi Rama k\u00ebrkon t\u00eb cenoj\u00eb shqiptar\u00ebt, djemt\u00eb dhe vajzat e tyre, ai jo vet\u00ebm q\u00eb do t\u00eb shtypet si nj\u00eb miz\u00eb, por do t\u00eb zhduket si nj\u00eb specie dhe Shqip\u00ebria t\u00eb mos shikoj\u00eb m\u00eb rac\u00eb t\u00eb till\u00eb, q\u00eb shet Shqip\u00ebrin\u00eb dhe djemt\u00eb e saj.\u201d<\/p>\n<p>&nbsp;<\/p>","protected":false},"excerpt":{"rendered":"<p>Monika Kryemadhi, zhvilloi nj\u00eb takim me banor\u00ebt e nj\u00ebsis\u00eb 2 n\u00eb Tiran\u00eb, ku shp\u00ebrtheu n\u00eb akuza ndaj kryeministrit Edi Rama. Kryetarja e LSI-s\u00eb, shprehet se kreu i qeveris\u00eb do t\u00eb \u00a0\u201cshtypet si nj\u00eb miz\u00eb\u201d, n\u00eb 25 Prill. Nga ana tjet\u00ebr, ajo foli edhe p\u00ebr angazhimin e LSI-s\u00eb, p\u00ebr t\u00eb rikthyer t\u00eb rinjt\u00eb n\u00eb Shqip\u00ebri. \u201cT\u00eb [&hellip;]<\/p>\n","protected":false},"author":2016,"featured_media":176459,"comment_status":"closed","ping_status":"closed","sticky":false,"template":"","format":"standard","meta":{"footnotes":""},"categories":[241],"tags":[2235],"class_list":{"0":"post-176457","1":"post","2":"type-post","3":"status-publish","4":"format-standard","5":"has-post-thumbnail","7":"category-aktualitet","8":"tag-lajme-zjarr-kryemadhi-rama-do-te-shtypet-si-mize-zjarr-tv"},"_links":{"self":[{"href":"https:\/\/zjarr.tv\/en\/wp-json\/wp\/v2\/posts\/176457","targetHints":{"allow":["GET"]}}],"collection":[{"href":"https:\/\/zjarr.tv\/en\/wp-json\/wp\/v2\/posts"}],"about":[{"href":"https:\/\/zjarr.tv\/en\/wp-json\/wp\/v2\/types\/post"}],"author":[{"embeddable":true,"href":"https:\/\/zjarr.tv\/en\/wp-json\/wp\/v2\/users\/2016"}],"replies":[{"embeddable":true,"href":"https:\/\/zjarr.tv\/en\/wp-json\/wp\/v2\/comments?post=176457"}],"version-history":[{"count":0,"href":"https:\/\/zjarr.tv\/en\/wp-json\/wp\/v2\/posts\/176457\/revisions"}],"wp:featuredmedia":[{"embeddable":true,"href":"https:\/\/zjarr.tv\/en\/wp-json\/wp\/v2\/media\/176459"}],"wp:attachment":[{"href":"https:\/\/zjarr.tv\/en\/wp-json\/wp\/v2\/media?parent=176457"}],"wp:term":[{"taxonomy":"category","embeddable":true,"href":"https:\/\/zjarr.tv\/en\/wp-json\/wp\/v2\/categories?post=176457"},{"taxonomy":"post_tag","embeddable":true,"href":"https:\/\/zjarr.tv\/en\/wp-json\/wp\/v2\/tags?post=176457"}],"curies":[{"name":"wp","href":"https:\/\/api.w.org\/{rel}","templated":true}]}}