{"id":176467,"date":"2021-04-09T08:16:00","date_gmt":"2021-04-09T06:16:00","guid":{"rendered":"https:\/\/zjarr.tv\/?p=176467"},"modified":"2021-04-09T08:23:42","modified_gmt":"2021-04-09T06:23:42","slug":"erion-veliajdo-garoj-per-nje-mandat-te-3-te-per-drejtimin-e-bashkise-se-tiranes-kjo-eshte-dashuria-e-jetes-sime-me-kete-ide-zgjohem-ne-mengjes","status":"publish","type":"post","link":"https:\/\/zjarr.tv\/en\/erion-veliajdo-garoj-per-nje-mandat-te-3-te-per-drejtimin-e-bashkise-se-tiranes-kjo-eshte-dashuria-e-jetes-sime-me-kete-ide-zgjohem-ne-mengjes\/","title":{"rendered":"Erion Veliaj: Do garoj p\u00ebr nj\u00eb mandat t\u00eb 3-t\u00eb p\u00ebr drejtimin e Bashkis\u00eb s\u00eb Tiran\u00ebs, kjo \u00ebsht\u00eb dashuria e jet\u00ebs sime, me k\u00ebt\u00eb ide zgjohem n\u00eb m\u00ebngjes\u2026"},"content":{"rendered":"<p>Kryebashkiaku i Tiran\u00ebs Erion Veliaj, ishte i ftuar n\u00eb emisionin \u201cOpinion\u201d, ku zbuloi se do t\u00eb garoj\u00eb p\u00ebr nj\u00eb mandat t\u00eb tret\u00eb, p\u00ebr drejtimin e Bashkis\u00eb s\u00eb Kryeqytetit.<\/p>\n<p>Veliaj, tha se Shqip\u00ebris\u00eb i duhet nj\u00eb lider i fort\u00eb si Edi Rama, nd\u00ebrsa mohoi se n\u00eb t\u00eb ardhmen, mund t\u00eb jet\u00eb z\u00ebvend\u00ebsuesi i tij n\u00eb drejtimin e Partis\u00eb Socialiste.<\/p>\n<p><em style=\"font-weight: inherit;\">\u201cUn\u00eb jam nj\u00eb avokat i faktit q\u00eb Shqip\u00ebris\u00eb i duhet nj\u00eb lider si Edi Rama. Un\u00eb pas dy vitesh, dh\u00ebnt\u00eb zoti t\u00eb kemi bekimin e k\u00ebtij qyteti, do t\u00eb garoj p\u00ebr mandatin e tret\u00eb si kryetar Bashkie i Tiran\u00ebs. Kjo \u00ebsht\u00eb dashuria e jet\u00ebs sime, ky \u00ebsht\u00eb obsesioni q\u00eb \u00e7ohem n\u00eb m\u00ebngjes. E di q\u00eb duhet t\u00eb b\u00ebj pun\u00eb t\u00eb v\u00ebshtir\u00eb, ca nj\u00ebr\u00ebz m\u00ebrziten e ca g\u00ebzohen por r\u00ebnd\u00ebsi ka t\u00eb marr\u00a0 vendime t\u00eb drejta. Me Edi Ram\u00ebn kam nj\u00eb k\u00ebnaq\u00ebsi t\u00eb jasht\u00ebzakonshme q\u00eb bashk\u00ebpunoj.\u201d-<\/em>u shpreh Erion Veliaj.<\/p>\n<p>&nbsp;<\/p>","protected":false},"excerpt":{"rendered":"<p>Kryebashkiaku i Tiran\u00ebs Erion Veliaj, ishte i ftuar n\u00eb emisionin \u201cOpinion\u201d, ku zbuloi se do t\u00eb garoj\u00eb p\u00ebr nj\u00eb mandat t\u00eb tret\u00eb, p\u00ebr drejtimin e Bashkis\u00eb s\u00eb Kryeqytetit. Veliaj, tha se Shqip\u00ebris\u00eb i duhet nj\u00eb lider i fort\u00eb si Edi Rama, nd\u00ebrsa mohoi se n\u00eb t\u00eb ardhmen, mund t\u00eb jet\u00eb z\u00ebvend\u00ebsuesi i tij n\u00eb drejtimin [&hellip;]<\/p>\n","protected":false},"author":2016,"featured_media":176469,"comment_status":"closed","ping_status":"closed","sticky":false,"template":"","format":"standard","meta":{"footnotes":""},"categories":[241,1454],"tags":[2238],"class_list":{"0":"post-176467","1":"post","2":"type-post","3":"status-publish","4":"format-standard","5":"has-post-thumbnail","7":"category-aktualitet","8":"category-politike","9":"tag-lajme-zjarr-veliaj-do-garoj-per-nje-mandat-te-3-te-zjarr-tv"},"_links":{"self":[{"href":"https:\/\/zjarr.tv\/en\/wp-json\/wp\/v2\/posts\/176467","targetHints":{"allow":["GET"]}}],"collection":[{"href":"https:\/\/zjarr.tv\/en\/wp-json\/wp\/v2\/posts"}],"about":[{"href":"https:\/\/zjarr.tv\/en\/wp-json\/wp\/v2\/types\/post"}],"author":[{"embeddable":true,"href":"https:\/\/zjarr.tv\/en\/wp-json\/wp\/v2\/users\/2016"}],"replies":[{"embeddable":true,"href":"https:\/\/zjarr.tv\/en\/wp-json\/wp\/v2\/comments?post=176467"}],"version-history":[{"count":0,"href":"https:\/\/zjarr.tv\/en\/wp-json\/wp\/v2\/posts\/176467\/revisions"}],"wp:featuredmedia":[{"embeddable":true,"href":"https:\/\/zjarr.tv\/en\/wp-json\/wp\/v2\/media\/176469"}],"wp:attachment":[{"href":"https:\/\/zjarr.tv\/en\/wp-json\/wp\/v2\/media?parent=176467"}],"wp:term":[{"taxonomy":"category","embeddable":true,"href":"https:\/\/zjarr.tv\/en\/wp-json\/wp\/v2\/categories?post=176467"},{"taxonomy":"post_tag","embeddable":true,"href":"https:\/\/zjarr.tv\/en\/wp-json\/wp\/v2\/tags?post=176467"}],"curies":[{"name":"wp","href":"https:\/\/api.w.org\/{rel}","templated":true}]}}