{"id":176471,"date":"2021-04-09T08:30:43","date_gmt":"2021-04-09T06:30:43","guid":{"rendered":"https:\/\/zjarr.tv\/?p=176471"},"modified":"2021-04-09T08:31:17","modified_gmt":"2021-04-09T06:31:17","slug":"fatos-lubonja-ben-deklaraten-e-forte-vetem-pellumb-pipero-u-pasurua-nga-pandemia-duhet-ndryshim-dhe-kjo-arrihet-vetem-me","status":"publish","type":"post","link":"https:\/\/zjarr.tv\/en\/fatos-lubonja-ben-deklaraten-e-forte-vetem-pellumb-pipero-u-pasurua-nga-pandemia-duhet-ndryshim-dhe-kjo-arrihet-vetem-me\/","title":{"rendered":"Fatos Lubonja b\u00ebn deklarat\u00ebn e fort\u00eb: Vet\u00ebm P\u00ebllumb Pipero u pasurua nga pandemia, duhet ndryshim dhe kjo arrihet vet\u00ebm me\u2026"},"content":{"rendered":"<p>Analisti Fatos Lubonja, n\u00eb\u00ebprmjet nj\u00eb lidhje direkte nga Italia, p\u00ebr emisionin\u00a0<strong>\u201cReal Story\u201d<\/strong>, foli p\u00ebr sondazhet elektorale, por nuk la pa p\u00ebrmendur edhe pandemin\u00eb.<\/p>\n<p>Lubonja tha se sondazhet jan\u00eb t\u00eb manipulueshme. N\u00eb nj\u00eb sondazh t\u00eb realizuar nga nj\u00eb televizion, 65% e qytetar\u00ebve, jan\u00eb t\u00eb mendimit q\u00eb pandemia \u00ebsht\u00eb menaxhuar mir\u00eb nga qeveria. Por Lubonja nuk \u00ebsht\u00eb i k\u00ebtij mendimi, pasi shtoi se nga pandemia sipas tij, \u00ebsht\u00eb pasuruar mjeku infeksionit P\u00ebllumb Pipero.<\/p>\n<p>\u201cN\u00eb Itali ka m\u00eb shum\u00eb se nj\u00eb her\u00eb n\u00eb vit greva n\u00eb aeroporte dhe s\u2018i shkon njeriu n\u00eb mend q\u00eb k\u00ebta njer\u00ebz do i \u00e7ojn\u00eb n\u00eb polici dhe i b\u00ebjn\u00eb presion p\u00ebr vendin e pun\u00ebs. Kjo \u00ebsht\u00eb regjim, jo demokraci. Si rr\u00ebzohet nj\u00eb regjim? M\u00eb vot\u00eb t\u00eb lir\u00eb apo forma t\u00eb tjera. Skepticizmi q\u00eb kam un\u00eb \u00ebsht\u00eb ky, jo aq se k\u00ebtu kemi nj\u00eb opozit\u00eb q\u00eb nuk p\u00ebrfaq\u00ebson nj\u00eb parti t\u00eb paprovuar si Vet\u00ebvendosja n\u00eb Kosov\u00eb, por gjithsesi ky sistem ka degraduar dhe ajo q\u00eb perceptoj un\u00eb \u00ebsht\u00eb q\u00eb mosbesimi p\u00ebr t\u00eb ardhur ky ndryshim, se s\u2019do t\u00eb ket\u00eb zgjedhje t\u00eb mira. K\u00ebt\u00eb e ka th\u00ebn\u00eb edhe Basha. Nj\u00eb njeri q\u00eb thot\u00eb q\u00eb hiqni shqiptar\u00ebt dhe merr disa njer\u00ebz pa goj\u00eb, kjo \u00ebsht\u00eb mentalitet regjimi. Ai me ekonomin\u00eb mban pushtetin dhe pushtetin me ekonomin\u00eb.<\/p>\n<p>Sondazhet jan\u00eb t\u00eb manipuluara, pa dyshim, \u00ebsht\u00eb absurde t\u00eb d\u00ebgjosh q\u00eb n\u00eb sondazhe jan\u00eb t\u00eb pak\u00ebnaqur dhe 50% votohet p\u00ebr PS. Ata nuk din\u00eb k\u00eb kan\u00eb pyetur, Piperon m\u00eb duket, ai \u00ebsht\u00eb pasuruar nga pandemia. K\u00ebtu \u00ebsht\u00eb fjala p\u00ebr tet\u00eb vite q\u00eb \u00ebsht\u00eb b\u00ebr\u00eb nj\u00eb qeveri q\u00eb p\u00ebrdor forc\u00ebn. Duhet nj\u00eb ndryshim dhe rotacion, por dyshoj t\u00eb ket\u00eb rotacion. Sepse \u00e7\u2019kan\u00eb b\u00ebr\u00eb k\u00ebta si parti p\u00ebr vot\u00ebn dhe duhet nj\u00eb bashkim i forcave opozitare p\u00ebr t\u00eb mbrojtur vot\u00ebn. Ata nuk jan\u00eb bashkuar\u201d, u shpreh Lubonja.<\/p>\n<p>&nbsp;<\/p>","protected":false},"excerpt":{"rendered":"<p>Analisti Fatos Lubonja, n\u00eb\u00ebprmjet nj\u00eb lidhje direkte nga Italia, p\u00ebr emisionin\u00a0\u201cReal Story\u201d, foli p\u00ebr sondazhet elektorale, por nuk la pa p\u00ebrmendur edhe pandemin\u00eb. Lubonja tha se sondazhet jan\u00eb t\u00eb manipulueshme. N\u00eb nj\u00eb sondazh t\u00eb realizuar nga nj\u00eb televizion, 65% e qytetar\u00ebve, jan\u00eb t\u00eb mendimit q\u00eb pandemia \u00ebsht\u00eb menaxhuar mir\u00eb nga qeveria. Por Lubonja nuk \u00ebsht\u00eb [&hellip;]<\/p>\n","protected":false},"author":2016,"featured_media":176473,"comment_status":"closed","ping_status":"closed","sticky":false,"template":"","format":"standard","meta":{"footnotes":""},"categories":[241],"tags":[2239],"class_list":{"0":"post-176471","1":"post","2":"type-post","3":"status-publish","4":"format-standard","5":"has-post-thumbnail","7":"category-aktualitet","8":"tag-lajme-zjarr-lubonja-ben-deklaraten-e-forte-zjarr-tv"},"_links":{"self":[{"href":"https:\/\/zjarr.tv\/en\/wp-json\/wp\/v2\/posts\/176471","targetHints":{"allow":["GET"]}}],"collection":[{"href":"https:\/\/zjarr.tv\/en\/wp-json\/wp\/v2\/posts"}],"about":[{"href":"https:\/\/zjarr.tv\/en\/wp-json\/wp\/v2\/types\/post"}],"author":[{"embeddable":true,"href":"https:\/\/zjarr.tv\/en\/wp-json\/wp\/v2\/users\/2016"}],"replies":[{"embeddable":true,"href":"https:\/\/zjarr.tv\/en\/wp-json\/wp\/v2\/comments?post=176471"}],"version-history":[{"count":0,"href":"https:\/\/zjarr.tv\/en\/wp-json\/wp\/v2\/posts\/176471\/revisions"}],"wp:featuredmedia":[{"embeddable":true,"href":"https:\/\/zjarr.tv\/en\/wp-json\/wp\/v2\/media\/176473"}],"wp:attachment":[{"href":"https:\/\/zjarr.tv\/en\/wp-json\/wp\/v2\/media?parent=176471"}],"wp:term":[{"taxonomy":"category","embeddable":true,"href":"https:\/\/zjarr.tv\/en\/wp-json\/wp\/v2\/categories?post=176471"},{"taxonomy":"post_tag","embeddable":true,"href":"https:\/\/zjarr.tv\/en\/wp-json\/wp\/v2\/tags?post=176471"}],"curies":[{"name":"wp","href":"https:\/\/api.w.org\/{rel}","templated":true}]}}