{"id":176485,"date":"2021-04-09T09:15:10","date_gmt":"2021-04-09T07:15:10","guid":{"rendered":"https:\/\/zjarr.tv\/?p=176485"},"modified":"2021-04-09T09:15:10","modified_gmt":"2021-04-09T07:15:10","slug":"ish-ministri-nxjer-blof-ramen-grushtet-e-shtetit-i-bejne-ushtaraket-dhe-jo-leshkot-na-e-cpifen-ose-ta-arrestojne-zyrtarisht-meten-ose-ti-hane","status":"publish","type":"post","link":"https:\/\/zjarr.tv\/en\/ish-ministri-nxjer-blof-ramen-grushtet-e-shtetit-i-bejne-ushtaraket-dhe-jo-leshkot-na-e-cpifen-ose-ta-arrestojne-zyrtarisht-meten-ose-ti-hane\/","title":{"rendered":"Ish-ministri nxjer blof Ram\u00ebn: Grushtet e Shtetit i b\u00ebjn\u00eb ushtarak\u00ebt dhe jo leshkot, na e \u00e7pif\u00ebn, ose ta arrestojn\u00eb zyrtarisht Met\u00ebn, ose t\u2019i han\u00eb\u2026"},"content":{"rendered":"<p>Ish-ministri i Drejt\u00ebsis\u00eb, Ylli Manjani, n\u00ebp\u00ebrmjet nj\u00eb postimi n\u00eb llogarin\u00eb e tij Facebook, ka komentuar mbylljen e aeroportit t\u00eb Rinasit, si pasoj\u00eb e pezullimit t\u00eb pun\u00ebs s\u00eb kontrollor\u00ebve n\u00eb at\u00eb q\u00eb u cil\u00ebsua nga mazhoranca qeveritare, si grushti i shtetit t\u00eb Presidentit kund\u00ebr vaksinave. Manjani shprehet se n\u00ebse do t\u00eb vijojm\u00eb logjik\u00ebn e Kryeministrit, duhet q\u00eb t\u00eb b\u00ebhej arrestimi i Ilir Met\u00ebs si organizator dhe jo i kontrollor\u00ebve.<\/p>\n<p>\u201c<em>Ose ta arrestojn\u00eb e akuzojn\u00eb zyrtarisht Met\u00ebn p\u00ebr grusht shteti, ose ti han\u00eb at\u00eb q\u00eb s\u2019thuhet. Boll na than\u00eb ato q\u00eb han\u00eb, se na e \u00e7pif\u00ebn me grushte elektorale shteti\u201d, shkruan mes t\u00eb tjerash Ylli Manjani.<\/em><\/p>\n<p><em>Postimi i plot\u00eb: Q\u00eb ta kuptojm\u00eb tamam k\u00ebt \u201cgrushtin e shtetit kund\u00ebr vaksinave\u201d, llogjika e do q\u00eb: N\u00ebse Ilir Meta, kryetari i k\u00ebtij shteti, paska b\u00ebr\u00eb grusht shteti (dmth ndaj shtetit t\u00eb tij) ushtria e policia duhej t\u00eb rrethonte Presidenc\u00ebn dhe jo kull\u00ebn e Rinasit.<\/em><\/p>\n<p><em>Fundi i k\u00ebtij \u201cgrushti shteti\u201d duhet t\u00eb \u00e7onte llogjiksh\u00ebm n\u00eb arrestimin e autorit t\u00eb tij, pra t\u00eb Presidentit. Grushtet e shtetin i b\u00ebjn udh\u00ebheq\u00ebsat dhe\/ose ushtark\u00ebt, jo leshkot as kontrollor\u00ebt. (Se i bie pastaj t\u00eb themi t\u00eb dhjefsha shtetin, q\u00eb ta bllokoka Leshko).<\/em><em>Kjo \u00ebsht\u00eb llogjika e \u00e7do grushti shteti, p\u00ebrfshi dhe grushtin e shtetit ndaj vaksinave.<\/em><\/p>\n<p><em>E sjell n\u00eb vemendje k\u00ebt\u00eb llogjik\u00eb jo aq p\u00ebr Gomarin sesa p\u00ebr ndjek\u00ebsit e tij mediatik\u00eb. Duhet t\u00eb kuptojn\u00eb, q\u00eb t\u00eb mos b\u00ebhen qesharak\u00eb se alternativa \u00ebsht\u00eb:<\/em><\/p>\n<p><em>Ose ta arrestojn\u00eb e akuzojn\u00eb zyrtarisht Met\u00ebn p\u00ebr grusht shteti, ose ti han\u00eb at\u00eb q\u00eb s\u2019thuhet. Boll na than\u00eb ato q\u00eb han\u00eb, se na e \u00e7pif\u00ebn me grushte elektorale shteti\u201d<\/em>, k\u00ebshtu shkruan ish-ministri Ylli Manjani.<\/p>\n<p>&nbsp;<\/p>","protected":false},"excerpt":{"rendered":"<p>Ish-ministri i Drejt\u00ebsis\u00eb, Ylli Manjani, n\u00ebp\u00ebrmjet nj\u00eb postimi n\u00eb llogarin\u00eb e tij Facebook, ka komentuar mbylljen e aeroportit t\u00eb Rinasit, si pasoj\u00eb e pezullimit t\u00eb pun\u00ebs s\u00eb kontrollor\u00ebve n\u00eb at\u00eb q\u00eb u cil\u00ebsua nga mazhoranca qeveritare, si grushti i shtetit t\u00eb Presidentit kund\u00ebr vaksinave. Manjani shprehet se n\u00ebse do t\u00eb vijojm\u00eb logjik\u00ebn e Kryeministrit, duhet [&hellip;]<\/p>\n","protected":false},"author":2016,"featured_media":176487,"comment_status":"closed","ping_status":"closed","sticky":false,"template":"","format":"standard","meta":{"footnotes":""},"categories":[241],"tags":[2243],"class_list":{"0":"post-176485","1":"post","2":"type-post","3":"status-publish","4":"format-standard","5":"has-post-thumbnail","7":"category-aktualitet","8":"tag-lajme-zjarr-ylli-manjani-na-e-cpifen-zjarr-tv"},"_links":{"self":[{"href":"https:\/\/zjarr.tv\/en\/wp-json\/wp\/v2\/posts\/176485","targetHints":{"allow":["GET"]}}],"collection":[{"href":"https:\/\/zjarr.tv\/en\/wp-json\/wp\/v2\/posts"}],"about":[{"href":"https:\/\/zjarr.tv\/en\/wp-json\/wp\/v2\/types\/post"}],"author":[{"embeddable":true,"href":"https:\/\/zjarr.tv\/en\/wp-json\/wp\/v2\/users\/2016"}],"replies":[{"embeddable":true,"href":"https:\/\/zjarr.tv\/en\/wp-json\/wp\/v2\/comments?post=176485"}],"version-history":[{"count":0,"href":"https:\/\/zjarr.tv\/en\/wp-json\/wp\/v2\/posts\/176485\/revisions"}],"wp:featuredmedia":[{"embeddable":true,"href":"https:\/\/zjarr.tv\/en\/wp-json\/wp\/v2\/media\/176487"}],"wp:attachment":[{"href":"https:\/\/zjarr.tv\/en\/wp-json\/wp\/v2\/media?parent=176485"}],"wp:term":[{"taxonomy":"category","embeddable":true,"href":"https:\/\/zjarr.tv\/en\/wp-json\/wp\/v2\/categories?post=176485"},{"taxonomy":"post_tag","embeddable":true,"href":"https:\/\/zjarr.tv\/en\/wp-json\/wp\/v2\/tags?post=176485"}],"curies":[{"name":"wp","href":"https:\/\/api.w.org\/{rel}","templated":true}]}}