{"id":176488,"date":"2021-04-09T09:27:32","date_gmt":"2021-04-09T07:27:32","guid":{"rendered":"https:\/\/zjarr.tv\/?p=176488"},"modified":"2021-04-09T09:27:32","modified_gmt":"2021-04-09T07:27:32","slug":"rama-telefonon-dionis-imerajn-ai-azilanti-i-kamzes-ca-ben-ai","status":"publish","type":"post","link":"https:\/\/zjarr.tv\/en\/rama-telefonon-dionis-imerajn-ai-azilanti-i-kamzes-ca-ben-ai\/","title":{"rendered":"Rama telefonon Dionis Imerajn: Ai azilanti i Kamz\u00ebs \u00e7\u2019a b\u00ebn ai?"},"content":{"rendered":"<p>Kryeministri Rama, e ka nisur m\u00ebngjesin e sot\u00ebm, me nj\u00eb telefonat\u00eb me kandidatin p\u00ebr deputet t\u00eb PS-s\u00eb n\u00eb qarkun e Dibr\u00ebs Dionis Imeraj, i cili la pozicionin e kryetarit t\u00eb Bashkis\u00eb p\u00ebr t\u00eb kandiduar n\u00eb zgjedhjet e 25 Prillit. Rama e pyeti Imerajn p\u00ebr m\u00ebnyr\u00ebn sesi po zhvillohet fushata n\u00eb terren dhe pa dyshim dhe p\u00ebr kund\u00ebrshtar\u00ebt, ku PD n\u00eb k\u00ebt\u00eb qark p\u00ebrfaq\u00ebsohet nga Xhelal Mziu, t\u00eb cilin Rama e quajti me nofk\u00ebn azilant.<\/p>\n<p><strong>Biseda e plot\u00eb<\/strong><\/p>\n<p><strong>Rama:<\/strong>\u00a0Dionis \u00e7a bohet, t\u00eb p\u00ebrsh\u00ebndes nga Saranda, si dukesh?<\/p>\n<p><strong>Imeraj:<\/strong>\u00a0Mir\u00eb mir\u00eb, aty duhet t\u00eb jet\u00eb n\u00eb ngroht\u00eb sesa k\u00ebtu<\/p>\n<p><strong>Rama:<\/strong>\u00a0Jo mo jo, fryn nj\u00eb er\u00eb e \u00e7uditshme, po hajt mir\u00eb buz\u00eb detit. \u00c7far\u00eb thot\u00eb Dibra?<\/p>\n<p><strong>Imeraj:<\/strong>\u00a0Po mir\u00eb mir\u00eb. Populli i k\u00ebnaqur.<\/p>\n<p><strong>Rama:<\/strong>\u00a0L\u00ebrini mo k\u00ebto populli i k\u00ebnaqur. A po i takoni njer\u00ebzit nj\u00eb e nga nj\u00eb?<\/p>\n<p><strong>Imeraj:<\/strong> Njerezit po i takojm\u00eb nj\u00eb nga nj\u00eb, kudo n\u00eb \u00e7do fshat qytet, kudo, jemi shp\u00ebrndar\u00eb t\u00eb gjith\u00eb kandidat\u00ebt aty ku jan\u00eb njer\u00ebzit, mir\u00eb deri tani.<\/p>\n<p><strong>Rama:<\/strong>\u00a0Ai azilanti i Kamz\u00ebs \u00e7a b\u00ebn ai, apo vat\u00ebr kovidi ai?<\/p>\n<p><strong>Imeraj:<\/strong>\u00a0Ai b\u00ebn xhiro m\u00eb duket se nuk ka b\u00ebr\u00eb as vaksin\u00ebn ai infekton njerzit n\u00ebp\u00ebr klube. Ai infekton ne sh\u00ebrojm\u00eb \u00e7far\u00eb do b\u00ebjm\u00eb. Edhe Mati edhe Bulqiza mir\u00eb jan\u00eb, kam besim q\u00eb do e mbyllim shum\u00eb mir\u00eb.<\/p>\n<p><strong>Rama:<\/strong>\u00a0Po kjo partia kontrollor\u00ebve ajror?<\/p>\n<p><strong>Imeraj:<\/strong>\u00a0Kjo, ah nuk \u00ebsht\u00eb asgj\u00ebkundi, asgj\u00ebkundi. Dalin n\u00ebp\u00ebr terren por nuk kan\u00eb potencial, pothuajse ka humbur fare.<\/p>\n<p><strong>Rama:<\/strong>\u00a0Porosit dhe t\u00eb tjer\u00ebt, q\u00eb me njer\u00ebzit duhet shum\u00eb komunikim kudo, duhen pranuar mevet\u00ebdije gj\u00ebrat q\u00eb nuk shkojn\u00eb. Pak\u00ebnaq\u00ebsit\u00eb jan\u00eb legjitime njer\u00ebzit kan\u00eb t\u00eb drejt\u00eb t\u00eb k\u00ebrkojn\u00eb m\u00eb shum\u00eb, ne kemi b\u00ebr\u00eb sa kemi mundur dhe jo sa kemi dashur. Po t\u00eb mundnim m\u00eb shum\u00eb nuk do e kishim l\u00ebn\u00eb pa b\u00ebr\u00eb.<\/p>\n<p>Fokusin e kemi, durimin e kemi, edhe karakterin padiskutim duhet t\u00eb fokusohemi tek njer\u00ebzit. Rruga e Arbrit do t\u00eb realizohet brenda k\u00ebtij viti padiskutim, dhe do Zoti dhe n\u00eb nj\u00eb koh\u00eb para afatit, do ndryshojn\u00eb shum\u00eb gj\u00ebra. Dakord?<\/p>\n<p><strong>Imeraj:<\/strong>\u00a0Shum\u00eb dakord kryetar!<\/p>\n<p><strong>Rama:<\/strong>\u00a0Krashin si e kam Krashin, emigrantin me frym\u00eb laburiste? (hahaha, qeshin t\u00eb dy)<\/p>\n<p><strong>Imeraj:<\/strong>\u00a0Shum\u00eb mir\u00eb dhe ai n\u00eb fushat\u00eb<\/p>\n<p><strong>Rama:<\/strong>\u00a0Mi b\u00ebj shum\u00eb t\u00eb fala t\u00eb gjith\u00ebve dhe Auror\u00ebs, un\u00eb do vij atje n\u00eb dat\u00ebn 13, t\u00eb p\u00ebrsh\u00ebndes<\/p>\n<p><strong>Imeraj:<\/strong>\u00a0Mir\u00ebardhsh kryetar!<\/p>\n<p>&nbsp;<\/p>","protected":false},"excerpt":{"rendered":"<p>Kryeministri Rama, e ka nisur m\u00ebngjesin e sot\u00ebm, me nj\u00eb telefonat\u00eb me kandidatin p\u00ebr deputet t\u00eb PS-s\u00eb n\u00eb qarkun e Dibr\u00ebs Dionis Imeraj, i cili la pozicionin e kryetarit t\u00eb Bashkis\u00eb p\u00ebr t\u00eb kandiduar n\u00eb zgjedhjet e 25 Prillit. Rama e pyeti Imerajn p\u00ebr m\u00ebnyr\u00ebn sesi po zhvillohet fushata n\u00eb terren dhe pa dyshim dhe [&hellip;]<\/p>\n","protected":false},"author":2016,"featured_media":176490,"comment_status":"closed","ping_status":"closed","sticky":false,"template":"","format":"standard","meta":{"footnotes":""},"categories":[241,1454],"tags":[2244],"class_list":{"0":"post-176488","1":"post","2":"type-post","3":"status-publish","4":"format-standard","5":"has-post-thumbnail","7":"category-aktualitet","8":"category-politike","9":"tag-lajme-zjarr-rama-telefonon-dionis-imerajn-zjarr-tv"},"_links":{"self":[{"href":"https:\/\/zjarr.tv\/en\/wp-json\/wp\/v2\/posts\/176488","targetHints":{"allow":["GET"]}}],"collection":[{"href":"https:\/\/zjarr.tv\/en\/wp-json\/wp\/v2\/posts"}],"about":[{"href":"https:\/\/zjarr.tv\/en\/wp-json\/wp\/v2\/types\/post"}],"author":[{"embeddable":true,"href":"https:\/\/zjarr.tv\/en\/wp-json\/wp\/v2\/users\/2016"}],"replies":[{"embeddable":true,"href":"https:\/\/zjarr.tv\/en\/wp-json\/wp\/v2\/comments?post=176488"}],"version-history":[{"count":0,"href":"https:\/\/zjarr.tv\/en\/wp-json\/wp\/v2\/posts\/176488\/revisions"}],"wp:featuredmedia":[{"embeddable":true,"href":"https:\/\/zjarr.tv\/en\/wp-json\/wp\/v2\/media\/176490"}],"wp:attachment":[{"href":"https:\/\/zjarr.tv\/en\/wp-json\/wp\/v2\/media?parent=176488"}],"wp:term":[{"taxonomy":"category","embeddable":true,"href":"https:\/\/zjarr.tv\/en\/wp-json\/wp\/v2\/categories?post=176488"},{"taxonomy":"post_tag","embeddable":true,"href":"https:\/\/zjarr.tv\/en\/wp-json\/wp\/v2\/tags?post=176488"}],"curies":[{"name":"wp","href":"https:\/\/api.w.org\/{rel}","templated":true}]}}