{"id":176503,"date":"2021-04-09T10:05:10","date_gmt":"2021-04-09T08:05:10","guid":{"rendered":"https:\/\/zjarr.tv\/?p=176503"},"modified":"2021-04-09T10:06:25","modified_gmt":"2021-04-09T08:06:25","slug":"agron-duka-rama-keqperdoron-elektoralisht-situaten-diten-e-bllokimit-te-aeroportit-asnje-vaksine-reserve","status":"publish","type":"post","link":"https:\/\/zjarr.tv\/en\/agron-duka-rama-keqperdoron-elektoralisht-situaten-diten-e-bllokimit-te-aeroportit-asnje-vaksine-reserve\/","title":{"rendered":"Agron Duka: Rama keqp\u00ebrdoron elektoralisht situat\u00ebn, dit\u00ebn e bllokimit t\u00eb aeroportit asnj\u00eb vaksin\u00eb rezerv\u00eb\u2026"},"content":{"rendered":"<p>Kryetari i Partis\u00eb Agrare Ambientaliste Agron Duka, me an\u00eb t\u00eb nj\u00eb reagimi n\u00eb \u201cFacebook\u201d, shkruan se dit\u00ebn e bllokimit t\u00eb aeroportit, nuk kishte asnj\u00eb vaksin\u00eb rezerv\u00eb. Duka thekson se Rama keqp\u00ebrdoron elektoralisht situat\u00ebn.<\/p>\n<p><strong>Deklarat\u00eb p\u00ebr Shtyp<\/strong><\/p>\n<p>Duka: Keq-p\u00ebrdorimi\u00a0 elektoral i situat\u00ebs n\u00eb Rinas \u2013 zbulon kriz\u00ebn e thell\u00eb t\u00eb Rilindjes. Shtet-rrumpall\u00eb \u2013 dit\u00ebn e bllokimit t\u00eb Rinasit asnj\u00eb vaksin\u00eb rezerv\u00eb \u2013 nj\u00eb dit\u00eb m\u00eb von\u00eb 100.000 vaksina?! Vaksinimi \u00ebsht\u00eb shum\u00eb i vonuar pavar\u00ebsisht sondazheve t\u00eb parapaguara dhe fushat\u00ebs marramend\u00ebse\u00a0 p\u00ebr t\u00eb fshehur realitetin e hidhur varf\u00ebrues. Si ka mund\u00ebsi q\u00eb nj\u00eb bllokim 24 or\u00eb i Rinasit t\u00eb cilin un\u00eb e d\u00ebnova publikisht vonoi vaksinimin dy dit\u00eb?!<\/p>\n<p>Edhe familja m\u00eb e varf\u00ebr mban rezerva ushqimore p\u00ebr nj\u00eb jav\u00eb. Nd\u00ebrsa qeveria Ram\u00ebs nuk kishte rezerva vaksinash t\u00eb pakt\u00ebn p\u00ebr 3 dit\u00eb?! Dit\u00ebn e grev\u00ebs rezervat paskan qen\u00eb zero nd\u00ebrsa\u00a0 nj\u00eb dit\u00eb m\u00eb von\u00eb vijn\u00eb 100 mij\u00eb vaksina. Kjo \u00ebsht\u00eb edhe paaft\u00ebsi qeveris\u00ebse dhe pa shpirt\u00ebsi njer\u00ebzore.<\/p>\n<p>Fushata e pamoralshme elektorale me vaksinat \u2013 nuk e fsheh d\u00ebshtimin ekonomik. Mos arritja e vaksinimit t\u00eb tuf\u00ebs p\u00ebrpara sezonit turistik po e vret ekonomin\u00eb.\u00a0 Shikoni prenotimet n\u00eb zonat turistike p\u00ebr k\u00ebt\u00eb vit, deri tani ato jan\u00eb n\u00eb nivele minimale. Ndryshe nga qeverit\u00eb e tjera, Rilindasit kan\u00eb rreth 8 muaj q\u00eb nuk ofrojn\u00eb asnj\u00eb paket\u00eb mb\u00ebshtetje p\u00ebr t\u00eb varf\u00ebrit, t\u00eb papun\u00ebt dhe bizneset n\u00eb risk falimentimi. Ata paguajn\u00eb vet\u00ebm faturat e ppp-ve dhe p\u00ebr projektet korruptive.<\/p>\n<p>N\u00eb 25 Prill votuesit shqiptar\u00eb nuk do t\u00eb\u00a0 mashtrohen nga fushatat 3D, por do t\u00eb votojn\u00eb kund\u00ebr vjedhjeve jo vet\u00ebm nga 3P-t\u00eb. Nuk ka marketing q\u00eb mposht vot\u00ebn kund\u00ebr varf\u00ebris\u00eb, kund\u00ebr bab\u00ebzis\u00eb dhe kund\u00ebr oligarkis\u00eb.<\/p>","protected":false},"excerpt":{"rendered":"<p>Kryetari i Partis\u00eb Agrare Ambientaliste Agron Duka, me an\u00eb t\u00eb nj\u00eb reagimi n\u00eb \u201cFacebook\u201d, shkruan se dit\u00ebn e bllokimit t\u00eb aeroportit, nuk kishte asnj\u00eb vaksin\u00eb rezerv\u00eb. Duka thekson se Rama keqp\u00ebrdoron elektoralisht situat\u00ebn. Deklarat\u00eb p\u00ebr Shtyp Duka: Keq-p\u00ebrdorimi\u00a0 elektoral i situat\u00ebs n\u00eb Rinas \u2013 zbulon kriz\u00ebn e thell\u00eb t\u00eb Rilindjes. Shtet-rrumpall\u00eb \u2013 dit\u00ebn e bllokimit [&hellip;]<\/p>\n","protected":false},"author":2016,"featured_media":176505,"comment_status":"closed","ping_status":"closed","sticky":false,"template":"","format":"standard","meta":{"footnotes":""},"categories":[241],"tags":[],"class_list":{"0":"post-176503","1":"post","2":"type-post","3":"status-publish","4":"format-standard","5":"has-post-thumbnail","7":"category-aktualitet"},"_links":{"self":[{"href":"https:\/\/zjarr.tv\/en\/wp-json\/wp\/v2\/posts\/176503","targetHints":{"allow":["GET"]}}],"collection":[{"href":"https:\/\/zjarr.tv\/en\/wp-json\/wp\/v2\/posts"}],"about":[{"href":"https:\/\/zjarr.tv\/en\/wp-json\/wp\/v2\/types\/post"}],"author":[{"embeddable":true,"href":"https:\/\/zjarr.tv\/en\/wp-json\/wp\/v2\/users\/2016"}],"replies":[{"embeddable":true,"href":"https:\/\/zjarr.tv\/en\/wp-json\/wp\/v2\/comments?post=176503"}],"version-history":[{"count":0,"href":"https:\/\/zjarr.tv\/en\/wp-json\/wp\/v2\/posts\/176503\/revisions"}],"wp:featuredmedia":[{"embeddable":true,"href":"https:\/\/zjarr.tv\/en\/wp-json\/wp\/v2\/media\/176505"}],"wp:attachment":[{"href":"https:\/\/zjarr.tv\/en\/wp-json\/wp\/v2\/media?parent=176503"}],"wp:term":[{"taxonomy":"category","embeddable":true,"href":"https:\/\/zjarr.tv\/en\/wp-json\/wp\/v2\/categories?post=176503"},{"taxonomy":"post_tag","embeddable":true,"href":"https:\/\/zjarr.tv\/en\/wp-json\/wp\/v2\/tags?post=176503"}],"curies":[{"name":"wp","href":"https:\/\/api.w.org\/{rel}","templated":true}]}}