{"id":176507,"date":"2021-04-09T10:17:42","date_gmt":"2021-04-09T08:17:42","guid":{"rendered":"https:\/\/zjarr.tv\/?p=176507"},"modified":"2021-04-09T10:17:59","modified_gmt":"2021-04-09T08:17:59","slug":"po-negociohet-me-kontrolloret-dw-shkrim-per-situaten-ne-rinas-rama-ka-kerkuar-ndihme-dhe-nga","status":"publish","type":"post","link":"https:\/\/zjarr.tv\/en\/po-negociohet-me-kontrolloret-dw-shkrim-per-situaten-ne-rinas-rama-ka-kerkuar-ndihme-dhe-nga\/","title":{"rendered":"Po negociohet me kontrollor\u00ebt\/ DW shkrim p\u00ebr situat\u00ebn n\u00eb Rinas: Rama ka k\u00ebrkuar ndihm\u00eb dhe nga\u2026"},"content":{"rendered":"<p>Ng\u00ebr\u00e7it t\u00eb krijuar n\u00eb aeroportin e vet\u00ebm nd\u00ebrkomb\u00ebtar t\u00eb Shqip\u00ebris\u00eb, prej grev\u00ebs s\u00eb kontrollor\u00ebve t\u00eb fluturimeve iu dha fund t\u00eb enjten (08.04). Pas 24 or\u00ebve pa asnj\u00eb ulje-ngjitje avion\u00ebsh n\u00eb Rinas, kan\u00eb nisur vet\u00ebm fluturime sh\u00ebndet\u00ebsore, diplomatike, ushtarake, qeveritare dhe humanitare. Nga dita e premte (09.04) rinisin fluturimet komerciale. Burime zyrtare nga Ministria e Infrastruktur\u00ebs dhe Energjis\u00eb, than\u00eb p\u00ebr DW, se \u201cautoritetet e k\u00ebsaj ministrie, po vazhdojn\u00eb negociatat me kontrollor\u00ebt e trafikut ajror q\u00eb kan\u00eb l\u00ebn\u00eb pun\u00ebn. Arritja e nj\u00eb zgjidhjeje dhe rikthimi i tyre n\u00eb pun\u00eb pun\u00eb \u00ebsht\u00eb synimi kryesor\u201d.<\/p>\n<p>Po sipas k\u00ebtyre burimeve, kjo ministri po konsultohet me vende partnere t\u00eb BE-s\u00eb dhe t\u00eb rajonit p\u00ebr t\u00eb v\u00ebn\u00eb n\u00eb dispozicion kontrollor\u00ebt e tyre, deri n\u00eb zgjidhjen p\u00ebrfundimtare t\u00eb situates\u201d. Derisa kjo t\u00eb ndodh\u00eb, drejt dhe nga aeroporti do t\u00eb ket\u00eb vet\u00ebm fluturime sh\u00ebndet\u00ebsore, diplomatike, ushtarake, qeveritare dhe humanitare. Kryeministri i Shqip\u00ebris\u00eb Edi Rama, b\u00ebri me dije se; \u201cnj\u00eb pjes\u00eb e kontrollor\u00ebve do t\u00eb kthehen n\u00eb pun\u00eb t\u00eb premten\u201d dhe se \u201cnj\u00eb grup kontrollor\u00ebsh pritet t\u00eb mb\u00ebrrij\u00eb nga Greqia\u201d. Kontrollor\u00ebt hyn\u00eb n\u00eb grev\u00eb (07.04), pasi t\u00eb ardhurat e tyre mujore jan\u00eb ulur p\u00ebr shkak r\u00ebnies s\u00eb fluksit t\u00eb fluturimeve prej pandemis\u00eb kovid-19. Prej disa muajsh, kontrollor\u00ebt kan\u00eb k\u00ebrkuar q\u00eb uljen e pages, p\u00ebr shkak t\u00eb pandemis\u00eb t\u2019ua kompensoj\u00eb shteti.<\/p>\n<p>Kontrollor\u00ebt europian\u00eb: Lironi koleg\u00ebt tan\u00eb t\u00eb arrestuar<\/p>\n<p>Organizata \u201cKoordinimi i Sindikatave Europiane t\u00eb Kontrollit t\u00eb Trafikut Ajror\u201d, e njohur me inicialet ATCEUC ( Air Traffic Control European Unions Coordination) n\u00eb nj\u00eb deklarat\u00eb p\u00ebr shtyp, t\u00eb publikuar t\u00eb enjten (08.04), mb\u00ebshtet k\u00ebrkesat e koleg\u00ebve shqiptar\u00eb n\u00eb aeroportin \u201cN\u00ebn\u00eb Tereza\u201d dhe u k\u00ebrkon autoriteteve t\u00eb Shqip\u00ebris\u00eb \u201ct\u00eb lirojn\u00eb menj\u00ebher\u00eb tre kontrollor\u00ebt e arrestuar\u201d, t\u00eb cil\u00ebt akuzohen nga Prokuroria e Tiran\u00ebs p\u00ebr \u201cshp\u00ebrdorim detyre\u201d. N\u00eb deklarat\u00ebn p\u00ebr shtyp t\u00eb ATCEUC theksohet q\u00eb \u201cAlbcontrol, ka reduktuar n\u00eb m\u00ebnyr\u00eb t\u00eb nj\u00eban\u00ebshme deri n\u00eb 70% pagat e t\u00eb pun\u00ebsuarve, pa u konsultuar ose biseduar me sindikatat q\u00eb p\u00ebrfaq\u00ebsojn\u00eb kontrollor\u00ebt dhe ka refuzuar \u00e7do k\u00ebrkes\u00eb t\u00eb sindikatave, p\u00ebr t\u00eb negociuar nj\u00eb marr\u00ebveshje p\u00ebr t\u00eb zgjidhur kriz\u00ebn, gj\u00eb q\u00eb ka shlaktuar nj\u00eb stres m\u00eb shum\u00eb tek ata n\u00eb koh\u00ebn e nj\u00eb krize globale.\u201d Deklarata p\u00ebr shtyp e ATCEUC, v\u00eb n\u00eb dukje gjithashtu q\u00eb \u201ckontrollor\u00ebt nuk po veprojn\u00eb politikisht, por po kryejn\u00eb detyrat e tyre n\u00eb baz\u00eb t\u00eb udh\u00ebzimeve \/ instruksioneve komb\u00ebtare dhe europiane\u201d.<\/p>\n<p>\u201cAn\u00ebtar\u00ebsimi n\u00eb BE k\u00ebrkon q\u00eb Shqip\u00ebria t\u00eb respektoj\u00eb jo vet\u00ebm udh\u00ebzimet europiane, por edhe Konvent\u00ebn Europiane p\u00ebr t\u00eb Drejtat e Njeriut dhe t\u00eb Drejtat Shoq\u00ebrore\u201d, theksohet n\u00eb reagimin e ATCEUC. Lidhur me k\u00ebrkes\u00ebn e ATCEUC p\u00ebr lirimin e tre kontrollor\u00ebve t\u00eb arrestuar, burime nga Ministria e Infrastruktur\u00ebs dhe Energjis\u00eb than\u00eb p\u00ebr DW, se \u201cfjal\u00ebn tani e ka drejt\u00ebsia, \u00c7\u00ebshtja ka shkuar n\u00eb Prokurorin\u00eb e Tiran\u00ebs, q\u00eb \u00ebsht\u00eb nj\u00eb institucion i pavarur. Prokuroria ka zbardhur mesazhet telefonike q\u00eb kan\u00eb shk\u00ebmbyer tre t\u00eb arrestuarit me kontrollor\u00ebt e tjer\u00eb, p\u00ebr t\u00eb l\u00ebn\u00eb n\u00eb t\u00eb nj\u00ebjt\u00ebn koh\u00eb pun\u00ebn.\u201d Sipas burimeve nga Ministria e Infrastruktur\u00ebs dhe Energjis\u00eb \u201ckontrollor\u00ebt e trafikut ajror e kan\u00eb t\u00eb ndaluar me ligj zhvillimin e grev\u00ebs, p\u00ebr vet\u00eb r\u00ebnd\u00ebsin\u00eb q\u00eb ka puna e tyre n\u00eb kontrollin e hap\u00ebsir\u00ebs ajrore t\u00eb Shqip\u00ebris\u00eb. N\u00eb k\u00ebt\u00eb kontekst l\u00ebnia e pun\u00ebs prej tyre \u00ebsht\u00eb e paligjshme\u201d.<\/p>\n<p>Situata e krijuar n\u00eb aeroportin \u201cN\u00ebn\u00eb Tereza\u201d \u00ebsht\u00eb politizuar. Kund\u00ebrshtar\u00ebt kryesor\u00eb politik\u00eb n\u00eb gar\u00ebn p\u00ebr zgjedhjet parlamentare t\u00eb 25 prillit, kryeministri dhe kryetari i Partis\u00eb Socialiste, Edi Rama dhe kryetari i opozit\u00ebs dhe kryetari i Partis\u00eb Demokratike, Lulzim Basha, b\u00ebjn\u00eb p\u00ebrgjegj\u00ebs nj\u00ebri\u2013tjetrin p\u00ebr ng\u00ebr\ua794in e krijuar, pik\u00ebrisht rreth dy jav\u00eb para dit\u00ebs s\u00eb zgjedhjeve.\/DW<\/p>\n<p>&nbsp;<\/p>","protected":false},"excerpt":{"rendered":"<p>Ng\u00ebr\u00e7it t\u00eb krijuar n\u00eb aeroportin e vet\u00ebm nd\u00ebrkomb\u00ebtar t\u00eb Shqip\u00ebris\u00eb, prej grev\u00ebs s\u00eb kontrollor\u00ebve t\u00eb fluturimeve iu dha fund t\u00eb enjten (08.04). Pas 24 or\u00ebve pa asnj\u00eb ulje-ngjitje avion\u00ebsh n\u00eb Rinas, kan\u00eb nisur vet\u00ebm fluturime sh\u00ebndet\u00ebsore, diplomatike, ushtarake, qeveritare dhe humanitare. Nga dita e premte (09.04) rinisin fluturimet komerciale. Burime zyrtare nga Ministria e Infrastruktur\u00ebs [&hellip;]<\/p>\n","protected":false},"author":2016,"featured_media":176509,"comment_status":"closed","ping_status":"closed","sticky":false,"template":"","format":"standard","meta":{"footnotes":""},"categories":[241],"tags":[2248],"class_list":{"0":"post-176507","1":"post","2":"type-post","3":"status-publish","4":"format-standard","5":"has-post-thumbnail","7":"category-aktualitet","8":"tag-lajme-zjarr-dw-shkrim-per-situaten-ne-rinas-zjarr-tv"},"_links":{"self":[{"href":"https:\/\/zjarr.tv\/en\/wp-json\/wp\/v2\/posts\/176507","targetHints":{"allow":["GET"]}}],"collection":[{"href":"https:\/\/zjarr.tv\/en\/wp-json\/wp\/v2\/posts"}],"about":[{"href":"https:\/\/zjarr.tv\/en\/wp-json\/wp\/v2\/types\/post"}],"author":[{"embeddable":true,"href":"https:\/\/zjarr.tv\/en\/wp-json\/wp\/v2\/users\/2016"}],"replies":[{"embeddable":true,"href":"https:\/\/zjarr.tv\/en\/wp-json\/wp\/v2\/comments?post=176507"}],"version-history":[{"count":0,"href":"https:\/\/zjarr.tv\/en\/wp-json\/wp\/v2\/posts\/176507\/revisions"}],"wp:featuredmedia":[{"embeddable":true,"href":"https:\/\/zjarr.tv\/en\/wp-json\/wp\/v2\/media\/176509"}],"wp:attachment":[{"href":"https:\/\/zjarr.tv\/en\/wp-json\/wp\/v2\/media?parent=176507"}],"wp:term":[{"taxonomy":"category","embeddable":true,"href":"https:\/\/zjarr.tv\/en\/wp-json\/wp\/v2\/categories?post=176507"},{"taxonomy":"post_tag","embeddable":true,"href":"https:\/\/zjarr.tv\/en\/wp-json\/wp\/v2\/tags?post=176507"}],"curies":[{"name":"wp","href":"https:\/\/api.w.org\/{rel}","templated":true}]}}