{"id":176512,"date":"2021-04-09T11:10:03","date_gmt":"2021-04-09T09:10:03","guid":{"rendered":"https:\/\/zjarr.tv\/?p=176512"},"modified":"2021-04-09T11:10:57","modified_gmt":"2021-04-09T09:10:57","slug":"elisa-spiropali-nga-kamza-fitorja-spektakolare-e-25-prillit-fillon-nga-ketu-bllokimi-i-aeroportit-akt-cnjerezor-i-cetes-se-qametit","status":"publish","type":"post","link":"https:\/\/zjarr.tv\/en\/elisa-spiropali-nga-kamza-fitorja-spektakolare-e-25-prillit-fillon-nga-ketu-bllokimi-i-aeroportit-akt-cnjerezor-i-cetes-se-qametit\/","title":{"rendered":"Elisa Spiropali nga Kamza: Fitorja spektakolare e 25 Prillit fillon nga k\u00ebtu, bllokimi i aeroportit, akt \u00e7njer\u00ebzor i \u00e7et\u00ebs s\u00eb qametit\u2026"},"content":{"rendered":"<p>Drejtuesja politike e PS p\u00ebr Qarkun Tiran\u00eb, Elisa Spiropali, s\u00eb bashku me kryebashkiakun Rakip Suli, ka zhvilluar sot nj\u00eb takim masiv me distance me banor\u00eb t\u00eb Qend\u00ebr-Kamz\u00ebs, me t\u00eb cil\u00ebt ka ndar\u00eb vizionin e Partis\u00eb Socialiste p\u00ebr Kamz\u00ebn dhe Shqip\u00ebrin\u00eb.<\/p>\n<p>Elisa Spiropali, hodhi akuza ndaj opozit\u00ebs si shkaktare t\u00eb bllokimit t\u00eb aeroportit t\u00eb Rinasit, pengimit t\u00eb l\u00ebvizjeve t\u00eb qytetar\u00ebve dhe mb\u00ebrritjes s\u00eb vaksinave, duke i quajtur ata nj\u00eb \u00e7et\u00eb e organizuar, q\u00eb nuk duan t\u2019ia din\u00eb p\u00ebr sh\u00ebndetin e njer\u00ebzve, por vet\u00ebm p\u00ebr karriget dhe pushtetin e tyre.<\/p>\n<p>\u201cShikoni k\u00eb keni p\u00ebrball\u00eb! Kan\u00eb tre dit\u00eb q\u00eb bllokojn\u00eb aeroportin e vet\u00ebm nd\u00ebrkomb\u00ebtar t\u00eb Shqip\u00ebris\u00eb. Jan\u00eb nj\u00eb \u00e7et\u00eb e organizuar q\u00eb nuk duan tja din\u00eb as p\u00ebr njer\u00ebzit q\u00eb duan t\u00eb shkojn\u00eb jasht\u00eb p\u00ebr kurim, as p\u00ebr ata q\u00eb vin\u00eb, as p\u00ebr ata q\u00eb udh\u00ebtojn\u00eb, as p\u00ebr sigurin\u00eb komb\u00ebtare, se p\u00ebr ta m\u00eb e r\u00ebnd\u00ebsishme \u00ebsht\u00eb karrigia e tyre, \u00ebsht\u00eb pushteti. Imagjinoni t\u00eb mos ishte Edi Rama kryeminist\u00ebr i k\u00ebtij vendi i cili iu gjend njer\u00ebzve pran\u00eb me ndihma t\u00eb gjith\u00eb bashkive n\u00eb Shqip\u00ebri. Sot n\u00eb Kam\u00ebz dhe n\u00eb gjith\u00eb Shqip\u00ebrin\u00eb jan\u00eb vaksinuar mbi 210,000 shqiptar\u00eb, dhe do t\u00eb vaksionhen 500 mij\u00eb shqiptar\u00eb deri n\u00eb fund t\u00eb qershorit.<\/p>\n<p>Vet\u00ebm tani para nj\u00eb ore kan\u00eb mb\u00ebrritur 100 mij\u00eb doza t\u00eb reja q\u00eb ata i penguan dje t\u00eb vinin n\u00eb rinas, se p\u00ebr ta jeta e njer\u00ebzve nuk vlen. P\u00ebr ta sh\u00ebndeti i njer\u00ebzve s\u2019ka r\u00ebnd\u00ebsi. P\u00ebr ta t\u00eb rroj\u00eb Luli, t\u00eb rroj\u00eb Mona, t\u00eb rroj\u00eb Iliri, t\u00eb rroj\u00eb Fatmiri, t\u00eb rroj\u00eb Shp\u00ebtimi, t\u00eb rroj\u00eb Vangjeli, q\u00eb jan\u00eb n\u00eb list\u00eb pa t\u00eb tjer\u00ebt le t\u00eb vdesin. Jo, nuk do vdesim. Por ne do vazhdojm\u00eb p\u00ebrpara me Edi Ram\u00ebn dhe Partin\u00eb Socialiste.\u201d \u2013 deklaroi Spiropali.<\/p>\n<p>Ministrja Spiropali, ka shpjeguar gjithashtu arsyet se p\u00ebrse Partia Socialiste, k\u00ebrkon nj\u00eb mandat t\u00eb tret\u00eb qeveris\u00ebs dhe se 25 Prilli, \u00ebsht\u00eb nj\u00eb ndeshje e r\u00ebnd\u00ebsishme p\u00ebr t\u00eb ardhmen e shqiptar\u00ebve, fitoren e vendit.<\/p>\n<p>\u201cN\u00eb nj\u00eb vit e gjysm\u00eb kemi d\u00ebshmuar q\u00eb punojm\u00eb me njer\u00ebzit dhe p\u00ebr njer\u00ebzit. Ata i kan\u00eb dh\u00ebn\u00eb nj\u00eb em\u00ebr t\u00eb keq politik\u00ebs. Por, politika nuk \u00ebsht\u00eb e t\u00eb keqes, politika \u00ebsht\u00eb e t\u00eb mir\u00ebs. Politika \u00ebsht\u00eb t\u00eb kesh vizion t\u00eb b\u00ebsh nj\u00eb kopsht, nj\u00eb \u00e7erdhe t\u00eb bukur, si\u00e7 \u00ebsht\u00eb ai n\u00eb Paskuqan, si\u00e7 \u00ebsht\u00eb \u201cNiko Hoxha\u201d n\u00eb Valias, si\u00e7 jan\u00eb kopshtet dhe shkollat q\u00eb po nd\u00ebrtohen n\u00eb Kam\u00ebz, plot\u00eb 23 t\u00eb tilla. Kamza do t\u00eb ket\u00eb infrastruktur\u00ebn m\u00ebsimore m\u00eb t\u00eb mir\u00eb n\u00eb Republik\u00ebn e Shqip\u00ebris\u00eb.\u201d \u2013 u shpreh Spiropali.<\/p>\n<p>&nbsp;<\/p>","protected":false},"excerpt":{"rendered":"<p>Drejtuesja politike e PS p\u00ebr Qarkun Tiran\u00eb, Elisa Spiropali, s\u00eb bashku me kryebashkiakun Rakip Suli, ka zhvilluar sot nj\u00eb takim masiv me distance me banor\u00eb t\u00eb Qend\u00ebr-Kamz\u00ebs, me t\u00eb cil\u00ebt ka ndar\u00eb vizionin e Partis\u00eb Socialiste p\u00ebr Kamz\u00ebn dhe Shqip\u00ebrin\u00eb. Elisa Spiropali, hodhi akuza ndaj opozit\u00ebs si shkaktare t\u00eb bllokimit t\u00eb aeroportit t\u00eb Rinasit, pengimit [&hellip;]<\/p>\n","protected":false},"author":2016,"featured_media":176516,"comment_status":"closed","ping_status":"closed","sticky":false,"template":"","format":"standard","meta":{"footnotes":""},"categories":[241,1454],"tags":[2249],"class_list":{"0":"post-176512","1":"post","2":"type-post","3":"status-publish","4":"format-standard","5":"has-post-thumbnail","7":"category-aktualitet","8":"category-politike","9":"tag-lajme-zjarr-elisa-spiropali-nga-kamza-zjarr-tv"},"_links":{"self":[{"href":"https:\/\/zjarr.tv\/en\/wp-json\/wp\/v2\/posts\/176512","targetHints":{"allow":["GET"]}}],"collection":[{"href":"https:\/\/zjarr.tv\/en\/wp-json\/wp\/v2\/posts"}],"about":[{"href":"https:\/\/zjarr.tv\/en\/wp-json\/wp\/v2\/types\/post"}],"author":[{"embeddable":true,"href":"https:\/\/zjarr.tv\/en\/wp-json\/wp\/v2\/users\/2016"}],"replies":[{"embeddable":true,"href":"https:\/\/zjarr.tv\/en\/wp-json\/wp\/v2\/comments?post=176512"}],"version-history":[{"count":0,"href":"https:\/\/zjarr.tv\/en\/wp-json\/wp\/v2\/posts\/176512\/revisions"}],"wp:featuredmedia":[{"embeddable":true,"href":"https:\/\/zjarr.tv\/en\/wp-json\/wp\/v2\/media\/176516"}],"wp:attachment":[{"href":"https:\/\/zjarr.tv\/en\/wp-json\/wp\/v2\/media?parent=176512"}],"wp:term":[{"taxonomy":"category","embeddable":true,"href":"https:\/\/zjarr.tv\/en\/wp-json\/wp\/v2\/categories?post=176512"},{"taxonomy":"post_tag","embeddable":true,"href":"https:\/\/zjarr.tv\/en\/wp-json\/wp\/v2\/tags?post=176512"}],"curies":[{"name":"wp","href":"https:\/\/api.w.org\/{rel}","templated":true}]}}