{"id":176522,"date":"2021-04-09T11:33:46","date_gmt":"2021-04-09T09:33:46","guid":{"rendered":"https:\/\/zjarr.tv\/?p=176522"},"modified":"2021-04-09T11:33:46","modified_gmt":"2021-04-09T09:33:46","slug":"gazetari-zbulon-kushtet-cnjerezore-ku-u-mbajten-kontrolloret-e-rinasit-jane-mbajtur-gjithe-nates-ne-kembe-nuk-i-kane-lene-as-te-flene","status":"publish","type":"post","link":"https:\/\/zjarr.tv\/en\/gazetari-zbulon-kushtet-cnjerezore-ku-u-mbajten-kontrolloret-e-rinasit-jane-mbajtur-gjithe-nates-ne-kembe-nuk-i-kane-lene-as-te-flene\/","title":{"rendered":"Gazetari zbulon kushtet \u00e7\u2019njer\u00ebzore ku u mbajt\u00ebn kontrollor\u00ebt e Rinasit: Jan\u00eb mbajtur gjith\u00eb nat\u00ebs n\u00eb k\u00ebmb\u00eb, nuk i kan\u00eb l\u00ebn\u00eb as t\u00eb flen\u00eb\u2026"},"content":{"rendered":"<p>Gazetari i ekonomis\u00eb Gjergj Erebara, \u00ebsht\u00eb shprehur sot se kontrollor\u00ebt e aeroportit t\u00eb Rinasit, jan\u00eb arrestuar gjat\u00eb nat\u00ebs dhe jan\u00eb mbajtur n\u00eb kushte mjerimi.<\/p>\n<p><em>\u201cJan\u00eb mbajtur gjat\u00eb gjith\u00eb nat\u00ebs n\u00eb komisariat. N\u00eb k\u00ebmb\u00eb, pa t\u00eb drejt\u00eb q\u00eb t\u00eb flejn\u00eb n\u00eb kushte t\u00eb mjerueshme. Ata nuk jan\u00eb militant\u00eb politik q\u00eb mund ti z\u00ebvend\u00ebsosh leht\u00eb. K\u00ebto persona t\u00eb specializuar kushtojn\u00eb 4 vite trajtim dhe mij\u00ebra euro. E q\u00eb ky problem t\u00eb zgjidhet sa m\u00eb shpejt, duhet q\u00eb t\u00eb ulen e t\u00eb komunikojn\u00eb, jo t\u2019i konsiderojn\u00eb kundra t\u00eb popullit apo grusht shteti\u201d,<\/em>\u00a0tha Erebara i ftuar n\u00eb nj\u00eb studio televizive.<\/p>\n<p>Gazetari e konsideron normale nj\u00eb veprim t\u00eb till\u00eb t\u00eb kontrollor\u00ebve, pasi \u00ebsht\u00eb e drejta e tyre q\u00eb t\u00eb ngren\u00eb z\u00ebrin kur u ulet paga. Erebara shtoi se \u00ebsht\u00eb nj\u00eb protest\u00eb normale, por nuk \u00ebsht\u00eb e drejt\u00eb m\u00ebnyra se si kjo \u00e7\u00ebshtje po trajtohet.<\/p>\n<p>&nbsp;<\/p>","protected":false},"excerpt":{"rendered":"<p>Gazetari i ekonomis\u00eb Gjergj Erebara, \u00ebsht\u00eb shprehur sot se kontrollor\u00ebt e aeroportit t\u00eb Rinasit, jan\u00eb arrestuar gjat\u00eb nat\u00ebs dhe jan\u00eb mbajtur n\u00eb kushte mjerimi. \u201cJan\u00eb mbajtur gjat\u00eb gjith\u00eb nat\u00ebs n\u00eb komisariat. N\u00eb k\u00ebmb\u00eb, pa t\u00eb drejt\u00eb q\u00eb t\u00eb flejn\u00eb n\u00eb kushte t\u00eb mjerueshme. Ata nuk jan\u00eb militant\u00eb politik q\u00eb mund ti z\u00ebvend\u00ebsosh leht\u00eb. K\u00ebto persona [&hellip;]<\/p>\n","protected":false},"author":2016,"featured_media":176524,"comment_status":"closed","ping_status":"closed","sticky":false,"template":"","format":"standard","meta":{"footnotes":""},"categories":[241],"tags":[2251],"class_list":{"0":"post-176522","1":"post","2":"type-post","3":"status-publish","4":"format-standard","5":"has-post-thumbnail","7":"category-aktualitet","8":"tag-lajme-zjarr-gazetari-zbulon-kushtet-ku-u-mbajten-kontrolloret-zjarr-tv"},"_links":{"self":[{"href":"https:\/\/zjarr.tv\/en\/wp-json\/wp\/v2\/posts\/176522","targetHints":{"allow":["GET"]}}],"collection":[{"href":"https:\/\/zjarr.tv\/en\/wp-json\/wp\/v2\/posts"}],"about":[{"href":"https:\/\/zjarr.tv\/en\/wp-json\/wp\/v2\/types\/post"}],"author":[{"embeddable":true,"href":"https:\/\/zjarr.tv\/en\/wp-json\/wp\/v2\/users\/2016"}],"replies":[{"embeddable":true,"href":"https:\/\/zjarr.tv\/en\/wp-json\/wp\/v2\/comments?post=176522"}],"version-history":[{"count":0,"href":"https:\/\/zjarr.tv\/en\/wp-json\/wp\/v2\/posts\/176522\/revisions"}],"wp:featuredmedia":[{"embeddable":true,"href":"https:\/\/zjarr.tv\/en\/wp-json\/wp\/v2\/media\/176524"}],"wp:attachment":[{"href":"https:\/\/zjarr.tv\/en\/wp-json\/wp\/v2\/media?parent=176522"}],"wp:term":[{"taxonomy":"category","embeddable":true,"href":"https:\/\/zjarr.tv\/en\/wp-json\/wp\/v2\/categories?post=176522"},{"taxonomy":"post_tag","embeddable":true,"href":"https:\/\/zjarr.tv\/en\/wp-json\/wp\/v2\/tags?post=176522"}],"curies":[{"name":"wp","href":"https:\/\/api.w.org\/{rel}","templated":true}]}}