{"id":176529,"date":"2021-04-09T11:56:13","date_gmt":"2021-04-09T09:56:13","guid":{"rendered":"https:\/\/zjarr.tv\/?p=176529"},"modified":"2021-04-09T12:59:29","modified_gmt":"2021-04-09T10:59:29","slug":"edi-rama-bullizon-nje-punonjes-te-shendoshe-te-ujesjellesit-ky-eshte-i-rrezikshem-do-pije-gjithe-ujin","status":"publish","type":"post","link":"https:\/\/zjarr.tv\/en\/edi-rama-bullizon-nje-punonjes-te-shendoshe-te-ujesjellesit-ky-eshte-i-rrezikshem-do-pije-gjithe-ujin\/","title":{"rendered":"Edi Rama tall punonj\u00ebsin e uj\u00ebsjell\u00ebsit: Ky do pij\u00eb gjith\u00eb ujin\u2026"},"content":{"rendered":"<p>Dit\u00ebn e sotme, Kryeministri Edi Rama, ka vizituar uj\u00ebsjell\u00ebsin e ri t\u00eb Delvin\u00ebs, ku sipas tij ky investim do t\u2019i siguroj\u00eb qytetit 24-or\u00eb uj\u00eb. I shoq\u00ebruar nga kryebashkiakja Majlinda Qilimi dhe drejtuesi politik i qarkut t\u00eb Vlor\u00ebs Damian Gjiknuri, Rama nuk i kurseu batutat gjat\u00eb takimit me t\u00eb pranishmit n\u00eb uj\u00ebsjell\u00ebs.<\/p>\n<p>Arsenali i batutave t\u00eb Kryeministrit, duket se e ka humbur cil\u00ebsin\u00eb e dikurshme dhe \u00ebsht\u00eb kthyer n\u00eb nj\u00eb tallje t\u00eb drejtp\u00ebrdrejt\u00eb, t\u00eb personave q\u00eb i dalin p\u00ebrball\u00eb.<\/p>\n<p>Teksa nj\u00eb pun\u00ebtor\u00eb t\u00eb sh\u00ebndosh\u00eb, Rama tha me ironi q\u00eb duhet t\u00eb ken\u00eb kujdes nga, ai pasi do pij\u00eb gjith\u00eb ujin e Delvin\u00ebs. Kjo shkaktoi t\u00eb qeshura t\u00eb personave t\u00eb pranish\u00ebm, madje dhe t\u00eb vet\u00eb personit q\u00eb u tall me t\u00eb.<\/p>\n<p>Rama:\u00a0<em>Shum\u00eb b\u00ebrtiste ai, \u00e7a ishte ai drejtuesi. Mos b\u00ebrtit aq shum\u00eb. Po pse qesh?<\/em><br \/>\n<em>Ky eshte i rrezikshem, do pij\u00eb gjith\u00eb ujin e Delvin\u00ebs ky.<\/em><\/p>\n<p>&nbsp;<\/p>","protected":false},"excerpt":{"rendered":"<p>Dit\u00ebn e sotme, Kryeministri Edi Rama, ka vizituar uj\u00ebsjell\u00ebsin e ri t\u00eb Delvin\u00ebs, ku sipas tij ky investim do t\u2019i siguroj\u00eb qytetit 24-or\u00eb uj\u00eb. I shoq\u00ebruar nga kryebashkiakja Majlinda Qilimi dhe drejtuesi politik i qarkut t\u00eb Vlor\u00ebs Damian Gjiknuri, Rama nuk i kurseu batutat gjat\u00eb takimit me t\u00eb pranishmit n\u00eb uj\u00ebsjell\u00ebs. Arsenali i batutave t\u00eb [&hellip;]<\/p>\n","protected":false},"author":2016,"featured_media":176569,"comment_status":"closed","ping_status":"closed","sticky":false,"template":"","format":"standard","meta":{"footnotes":""},"categories":[241],"tags":[2253],"class_list":{"0":"post-176529","1":"post","2":"type-post","3":"status-publish","4":"format-standard","5":"has-post-thumbnail","7":"category-aktualitet","8":"tag-lajme-zjarr-edi-rama-tallet-me-punonjesin-zjarr-tv"},"_links":{"self":[{"href":"https:\/\/zjarr.tv\/en\/wp-json\/wp\/v2\/posts\/176529","targetHints":{"allow":["GET"]}}],"collection":[{"href":"https:\/\/zjarr.tv\/en\/wp-json\/wp\/v2\/posts"}],"about":[{"href":"https:\/\/zjarr.tv\/en\/wp-json\/wp\/v2\/types\/post"}],"author":[{"embeddable":true,"href":"https:\/\/zjarr.tv\/en\/wp-json\/wp\/v2\/users\/2016"}],"replies":[{"embeddable":true,"href":"https:\/\/zjarr.tv\/en\/wp-json\/wp\/v2\/comments?post=176529"}],"version-history":[{"count":0,"href":"https:\/\/zjarr.tv\/en\/wp-json\/wp\/v2\/posts\/176529\/revisions"}],"wp:featuredmedia":[{"embeddable":true,"href":"https:\/\/zjarr.tv\/en\/wp-json\/wp\/v2\/media\/176569"}],"wp:attachment":[{"href":"https:\/\/zjarr.tv\/en\/wp-json\/wp\/v2\/media?parent=176529"}],"wp:term":[{"taxonomy":"category","embeddable":true,"href":"https:\/\/zjarr.tv\/en\/wp-json\/wp\/v2\/categories?post=176529"},{"taxonomy":"post_tag","embeddable":true,"href":"https:\/\/zjarr.tv\/en\/wp-json\/wp\/v2\/tags?post=176529"}],"curies":[{"name":"wp","href":"https:\/\/api.w.org\/{rel}","templated":true}]}}