{"id":176540,"date":"2021-04-09T12:12:17","date_gmt":"2021-04-09T10:12:17","guid":{"rendered":"https:\/\/zjarr.tv\/?p=176540"},"modified":"2021-04-09T12:12:17","modified_gmt":"2021-04-09T10:12:17","slug":"lsi-padit-ne-kqz-tre-zyrtare-te-larte-te-administrates-publike-kane-marre-pjese-ne-takimet-elektorale-te-ps-se","status":"publish","type":"post","link":"https:\/\/zjarr.tv\/en\/lsi-padit-ne-kqz-tre-zyrtare-te-larte-te-administrates-publike-kane-marre-pjese-ne-takimet-elektorale-te-ps-se\/","title":{"rendered":"LSI padit n\u00eb KQZ tre zyrtar\u00eb t\u00eb lart\u00eb t\u00eb administrat\u00ebs publike: Kan\u00eb marr\u00eb pjes\u00eb n\u00eb takimet elektorale t\u00eb PS-s\u00eb"},"content":{"rendered":"<p>Partia L\u00ebvizja Socialiste p\u00ebr Integrim e Qarkut t\u00eb Vlor\u00ebs ka denoncuar n\u00eb KQZ, tre zyrtar\u00eb t\u00eb lart\u00eb t\u00eb administrat\u00ebs publike.<\/p>\n<p>Sipas tyre ata kan\u00eb shkelur ligjin duke marr\u00eb pjes\u00eb n\u00eb takimet elektorale t\u00eb kandidat\u00ebve t\u00eb Partis\u00eb Socialiste.<\/p>\n<p>LSI ka denoncuar: Anjeza Shiko, drejtoresha e Tatim Taksave n\u00eb Bashkin\u00eb e Vlor\u00ebs, Francesko Mucaj, drejtor i Sh\u00ebrbimit t\u00eb Prov\u00ebs n\u00eb Vlor\u00eb dhe Klajdi Myzaferi n\u00eb pozicionin e\u00a0 Drejtorit t\u00eb Formimit Profesional n\u00eb Zyr\u00ebn e Pun\u00ebs.<\/p>\n<p>N\u00eb denoncimin e LSI thuhet se t\u00eb tre k\u00ebto zyrtar\u00eb kan\u00eb shkelur ligjin dhe vendimin num\u00ebr 9 t\u00eb KQZ marr\u00eb m\u00eb dat\u00eb 24.12.2020.<\/p>\n<p><strong>Njoftimi i plot\u00eb i LSI-s\u00eb:<\/strong><\/p>\n<p><em>M\u00eb dat\u00eb 06.04.2021 kandidati p\u00ebr deputet i Partis\u00eb Socialiste ka postuar n\u00eb faqjen e tij zyrtare Facebook nj\u00eb veprimtari publike ku ka q\u00ebn\u00eb pjes\u00eb dhe Anjeza Shiko drejtoresha e Tatim Taksave n\u00eb Bashkin\u00eb Vlor\u00eb me mbishkrimin \u201c Cfar\u00eb do t\u00eb thot\u00eb, t\u00eb kesh mb\u00ebshtetjen e nj\u00eb vlonjati? Do t\u00eb thot\u00eb t\u00eb kesh nj\u00eb ushtri t\u00eb gjith\u00eb n\u00eb krah\u00eb. Imagjinoni t\u00eb kesh mb\u00ebshtetjen e qindra,mij\u00ebra vlonjat\u00ebve\u2026\u00a0 #Q\u00ebndrojm\u00ebBashk\u00eb #Voto12PS #VloraRock \u201d<\/em><\/p>\n<p><em>Pjes\u00ebmarrja e Anjeza Shiko \u00ebsht\u00eb n\u00eb kund\u00ebrshtim me vendimin nr 9, dat\u00eb 24.12.2020 t\u00eb Komisionit Qendror t\u00eb Zgjedhjeve. M\u00eb konkretisht n\u00eb nenin 3, pika 2 e k\u00ebtij vendimi \u201cKryeministri, administrate e tij, Z\u00ebvend\u00ebskryeministri, ministri dhe z\u00ebvend\u00ebsministri, administrate e tyre, kryetari I bashkis\u00eb z\u00ebvend\u00ebsit dge administrate e tij, Prefekti dhe administrate e tij, drejtori I p\u00ebrgjithsh\u00ebm I agjencive apo institucioneve n\u00eb var\u00ebsi t\u00eb Kryeministrit, K\u00ebshillit t\u00eb Ministrave ose Ministrit, drejtori I p\u00ebrgjithsh\u00ebm, drejtor\u00ebt e departamenteve, drejtor\u00ebt e drejtorive dhe administratat respective, drejtuesit dhe an\u00ebtar\u00ebt e organeve kolegjiale, enteve, bordeve, cdo drejtues I shoq\u00ebrive tregtare n\u00eb administrim nga shteti dhe n\u00eb cdo ent ku shteti zot\u00ebron aksione e kapitale\/kuota\u00a0 aop emeron shumic\u00ebn e organit mbikqyr\u00ebs ose t\u00eb organit administrues, titullari dhe z\u00ebvend\u00ebsit e tij p\u00ebr nd\u00ebrmarrjet shtet\u00ebrore, gjat\u00eb periudh\u00ebs kohore 4 muaj para dat\u00ebs s\u00eb zgjedhjeve deri n\u00eb dit\u00ebn e zgjedhjeve, e kan\u00eb t\u00eb ndaluar t\u00eb drejtojn\u00eb, t\u00eb marrin pjes\u00eb apo t\u00eb kontribuojn\u00eb n\u00eb cfar\u00ebdolloj forme,n\u00eb veprmitari publike t\u00eb ndaluara sipas k\u00ebtij vendimi\u201d.<\/em><\/p>\n<p><em>P\u00ebr sa m\u00ebsip\u00ebr kerkojm\u00eb shqyrtimin e rastit nga ana juaj dhe marrjen e masave sipas parashikimeve t\u00eb vendimit.<\/em><\/p>\n<p>LEVIZJA SOCIALISTE PER INTEGRIM<\/p>\n<p><em>M\u00eb 05.04.2021 ish drejtoresha e Drejtorise Tatimore Vlor\u00eb dhe kandidate p\u00ebr deputete e Partis\u00eb Socialiste Pranvera Resulaj ka postuar ne faqjen e saj zyrtare Facebook nje veprimtari publike ku kishte marr\u00eb pjes\u00eb dhe Francesko Mucaj, drejtor I Sh\u00ebrbimit t\u00eb Prov\u00ebs Vlor\u00eb, nj\u00ebkoh\u00ebsisht ka dhe statusin e n\u00ebnpun\u00ebsit civil, me mbishkrimin: \u201c Me Frankon, takuam banor\u00ebt e Rajonit 3, n\u00eb zon\u00ebn e ish Fabrik\u00ebs s\u00eb Orizit.\u00a0 Pyetje t\u00eb men\u00e7ura q\u00eb t\u00eb b\u00ebjn\u00eb t\u00eb mendohesh mir\u00eb p\u00ebr p\u00ebrgjigjen dhe t\u00eb reflektosh, sepse kjo \u00ebsht\u00eb nj\u00eb p\u00ebrgjegj\u00ebsi q\u00eb mund t\u00eb mbahet vet\u00ebm me mb\u00ebshtetjen e qytetar\u00ebve.\u00a0 #Vloranukndalet #SkaKoh\u00ebP\u00ebrPushim #Voto12PS \u201d.<\/em><\/p>\n<p><em>Pjes\u00ebmarrja e Francesko Mucaj \u00ebsht\u00eb n\u00eb kund\u00ebrshtim me vendimin nr 9, dat\u00eb 24.12.2020 t\u00eb Komisionit Qendror t\u00eb Zgjedhjeve. M\u00eb konkretisht n\u00eb nenin 3, pika 2 e k\u00ebtij vendimi \u201cKryeministri, administrate e tij, Z\u00ebvend\u00ebskryeministri, ministri dhe z\u00ebvend\u00ebsministri, administrate e tyre, kryetari I bashkis\u00eb z\u00ebvend\u00ebsit dhe administrate e tij, Prefekti dhe administrate e tij, drejtori I p\u00ebrgjithsh\u00ebm I agjencive apo institucioneve n\u00eb var\u00ebsi t\u00eb Kryeministrit, K\u00ebshillit t\u00eb Ministrave ose Ministrit, drejtori I p\u00ebrgjithsh\u00ebm, drejtor\u00ebt e departamenteve, drejtor\u00ebt e drejtorive dhe administratat respective, drejtuesit dhe an\u00ebtar\u00ebt e organeve kolegjiale, enteve, bordeve, cdo drejtues I shoq\u00ebrive tregtare n\u00eb administrim nga shteti dhe n\u00eb cdo ent ku shteti zot\u00ebron aksione e kapitale\/kuota\u00a0 aop emeron shumic\u00ebn e organit mbikqyr\u00ebs ose t\u00eb organit administrues, titullari dhe z\u00ebvend\u00ebsit e tij p\u00ebr nd\u00ebrmarrjet shtet\u00ebrore, gjat\u00eb periudh\u00ebs kohore 4 muaj para dat\u00ebs s\u00eb zgjedhjeve deri n\u00eb dit\u00ebn e zgjedhjeve, e kan\u00eb t\u00eb ndaluar t\u00eb drejtojn\u00eb, t\u00eb marrin pjes\u00eb apo t\u00eb kontribuojn\u00eb n\u00eb cfar\u00ebdolloj forme,n\u00eb veprmitari publike t\u00eb ndaluara sipas k\u00ebtij vendimi\u201d.<\/em><\/p>\n<p><em>P\u00ebr sa m\u00ebsip\u00ebr kerkojm\u00eb shqyrtimin e rastit nga ana juaj dhe marrjen e masave sipas parashikimeve t\u00eb vendimit.<\/em><\/p>\n<p><em>Sot dat\u00eb 07.04.2021 n\u00eb faqjen Facebook PS Vlor\u00eb-Rajoni 5 \u00ebsht\u00eb postuar nj\u00eb veprimtari me karakter public ku pjes\u00ebmarr\u00ebs \u00ebsht\u00eb Drejtori I Formimit Profesional n\u00eb Zyr\u00ebn e Pun\u00ebs Vlor\u00eb Klajdi Myzaferi me mbishkrimin \u201cMe Damian Gjiknurin p\u00ebr mandatin e tret\u00eb qeveris\u00ebs #VotoPartin\u00ebSocialiste #Voto Nr.12 #SkaKoh\u00ebP\u00ebrPushim \u201d<\/em><\/p>\n<p><em>Pjes\u00ebmarrja e tij \u00ebsht\u00eb n\u00eb kund\u00ebrshtim me vendimin nr 9, dat\u00eb 24.12.2020 t\u00eb Komisionit Qendror t\u00eb Zgjedhjeve. M\u00eb konkretisht n\u00eb nenin 3, pika 2 e k\u00ebtij vendimi \u201cKryeministri, administrate e tij, Z\u00ebvend\u00ebskryeministri, ministri dhe z\u00ebvend\u00ebsministri, administrate e tyre, kryetari I bashkis\u00eb z\u00ebvend\u00ebsit dhe administrate e tij, Prefekti dhe administrate e tij, drejtori I p\u00ebrgjithsh\u00ebm I agjencive apo institucioneve n\u00eb var\u00ebsi t\u00eb Kryeministrit, K\u00ebshillit t\u00eb Ministrave ose Ministrit, drejtori I p\u00ebrgjithsh\u00ebm, drejtor\u00ebt e departamenteve, drejtor\u00ebt e drejtorive dhe administratat respective, drejtuesit dhe an\u00ebtar\u00ebt e organeve kolegjiale, enteve, bordeve, cdo drejtues I shoq\u00ebrive tregtare n\u00eb administrim nga shteti dhe n\u00eb cdo ent ku shteti zot\u00ebron aksione e kapitale\/kuota aop emeron shumic\u00ebn e organit mbikqyr\u00ebs ose t\u00eb organit administrues, titullari dhe z\u00ebvend\u00ebsit e tij p\u00ebr nd\u00ebrmarrjet shtet\u00ebrore, gjat\u00eb periudh\u00ebs kohore 4 muaj para dat\u00ebs s\u00eb zgjedhjeve deri n\u00eb dit\u00ebn e zgjedhjeve, e kan\u00eb t\u00eb ndaluar t\u00eb drejtojn\u00eb, t\u00eb marrin pjes\u00eb apo t\u00eb kontribuojn\u00eb n\u00eb cfar\u00ebdolloj forme,n\u00eb veprmitari publike t\u00eb ndaluara sipas k\u00ebtij vendimi\u201d. P\u00ebr sa m\u00ebsip\u00ebr kerkojm\u00eb shqyrtimin e rastit nga ana juaj dhe marrjen e masave sipas parashikimeve t\u00eb vendimit.<\/em><\/p>","protected":false},"excerpt":{"rendered":"<p>Partia L\u00ebvizja Socialiste p\u00ebr Integrim e Qarkut t\u00eb Vlor\u00ebs ka denoncuar n\u00eb KQZ, tre zyrtar\u00eb t\u00eb lart\u00eb t\u00eb administrat\u00ebs publike. Sipas tyre ata kan\u00eb shkelur ligjin duke marr\u00eb pjes\u00eb n\u00eb takimet elektorale t\u00eb kandidat\u00ebve t\u00eb Partis\u00eb Socialiste. LSI ka denoncuar: Anjeza Shiko, drejtoresha e Tatim Taksave n\u00eb Bashkin\u00eb e Vlor\u00ebs, Francesko Mucaj, drejtor i Sh\u00ebrbimit [&hellip;]<\/p>\n","protected":false},"author":2030,"featured_media":176543,"comment_status":"closed","ping_status":"closed","sticky":false,"template":"","format":"standard","meta":{"footnotes":""},"categories":[241,1454],"tags":[451,2256,329],"class_list":{"0":"post-176540","1":"post","2":"type-post","3":"status-publish","4":"format-standard","5":"has-post-thumbnail","7":"category-aktualitet","8":"category-politike","9":"tag-lajme-zjarr","10":"tag-lsi-padit-ne-kqz-tre-zyrtare-te-larte-te-administrates-publike","11":"tag-zjarr-tv"},"_links":{"self":[{"href":"https:\/\/zjarr.tv\/en\/wp-json\/wp\/v2\/posts\/176540","targetHints":{"allow":["GET"]}}],"collection":[{"href":"https:\/\/zjarr.tv\/en\/wp-json\/wp\/v2\/posts"}],"about":[{"href":"https:\/\/zjarr.tv\/en\/wp-json\/wp\/v2\/types\/post"}],"author":[{"embeddable":true,"href":"https:\/\/zjarr.tv\/en\/wp-json\/wp\/v2\/users\/2030"}],"replies":[{"embeddable":true,"href":"https:\/\/zjarr.tv\/en\/wp-json\/wp\/v2\/comments?post=176540"}],"version-history":[{"count":0,"href":"https:\/\/zjarr.tv\/en\/wp-json\/wp\/v2\/posts\/176540\/revisions"}],"wp:featuredmedia":[{"embeddable":true,"href":"https:\/\/zjarr.tv\/en\/wp-json\/wp\/v2\/media\/176543"}],"wp:attachment":[{"href":"https:\/\/zjarr.tv\/en\/wp-json\/wp\/v2\/media?parent=176540"}],"wp:term":[{"taxonomy":"category","embeddable":true,"href":"https:\/\/zjarr.tv\/en\/wp-json\/wp\/v2\/categories?post=176540"},{"taxonomy":"post_tag","embeddable":true,"href":"https:\/\/zjarr.tv\/en\/wp-json\/wp\/v2\/tags?post=176540"}],"curies":[{"name":"wp","href":"https:\/\/api.w.org\/{rel}","templated":true}]}}