{"id":176556,"date":"2021-04-09T12:37:14","date_gmt":"2021-04-09T10:37:14","guid":{"rendered":"https:\/\/zjarr.tv\/?p=176556"},"modified":"2021-04-09T12:37:14","modified_gmt":"2021-04-09T10:37:14","slug":"draghi-zemeron-turqine-e-quan-erdogan-diktator","status":"publish","type":"post","link":"https:\/\/zjarr.tv\/en\/draghi-zemeron-turqine-e-quan-erdogan-diktator\/","title":{"rendered":"Draghi \u2018zem\u00ebron\u2019 Turqin\u00eb, e quan Erdogan diktator"},"content":{"rendered":"<p>Kryeministri Italian, Mario Draghi ka zem\u00ebruar Turqin\u00eb duke e quajtur presidentin Rexhep Tajip Erdogan \u201cnj\u00eb diktator\u201d dhe duke e akuzuar at\u00eb p\u00ebr posht\u00ebrimin e presidentes s\u00eb Komisionit Evropian Ursula von der Leyen gjat\u00eb nj\u00eb vizite diplomatike n\u00eb Ankara k\u00ebt\u00eb jav\u00eb.<\/p>\n<p>Kryeministri i Italis\u00eb kritikoi Erdoganin p\u00ebr nj\u00eb incident kur von der Leyen u la n\u00eb k\u00ebmb\u00eb nd\u00ebrsa presidenti turk dhe Charles Michel, presidenti i K\u00ebshillit Evropian, u ul\u00ebn n\u00eb dy kolltuqe ngjitur n\u00eb at\u00eb q\u00eb \u00ebsht\u00eb b\u00ebr\u00eb nj\u00eb polemik\u00eb e nxeht\u00eb midis BE dhe Ankaras\u00eb rreth protokollit dhe fajit .<\/p>\n<p>\u201c<em>Un\u00eb absolutisht nuk jam dakord me sjelljen e Erdogan ndaj presidentit von der Leyen, un\u00eb nuk mendoj se ishte sjellje e p\u00ebrshtatshme dhe m\u00eb erdhi keq p\u00ebr posht\u00ebrimin q\u00eb duhej t\u00eb vuante von der Leyen<\/em>\u201d , tha Draghi.<\/p>\n<p>Ai e quajti presidentin turk \u201cnj\u00eb diktator\u201d, por mbrojti angazhimin e vazhduesh\u00ebm diplomatik t\u00eb BE me Ankaran\u00eb. \u201c<em>Me k\u00ebta diktator\u00eb, le t\u2019i quajm\u00eb ata si jan\u00eb, duhet t\u00eb jemi t\u00eb sinqert\u00eb n\u00eb shprehjen e larmis\u00eb s\u00eb pik\u00ebpamjeve dhe vizioneve t\u00eb shoq\u00ebris\u00eb<\/em>,\u201d tha ai.<\/p>\n<p>Ankaraja nuk mbeti pa reaguar. Ministri i Jasht\u00ebm turk Mevlut Cavusoglu i d\u00ebnoi me forc\u00eb fjal\u00ebt e kryeministrit italian e i quajti t\u00eb papranueshme.<\/p>\n<p>\u201c<em>Ligj\u00ebrim populist dhe komentet e sh\u00ebmtuara ndaj presidentit ton\u00eb t\u00eb zgjedhur,\u201d<\/em>\u00a0tha Cavusoglu<\/p>\n<p>Incidenti q\u00eb ka m\u00ebrzitur kryeministrin Italian ndodhi m\u00eb 6 prill gjat\u00eb nj\u00eb takimi diplomatik n\u00eb Ankara, ku Ursula von der Leyen, mesa duket nuk u prit dhe aq mir\u00eb.<\/p>","protected":false},"excerpt":{"rendered":"<p>Kryeministri Italian, Mario Draghi ka zem\u00ebruar Turqin\u00eb duke e quajtur presidentin Rexhep Tajip Erdogan \u201cnj\u00eb diktator\u201d dhe duke e akuzuar at\u00eb p\u00ebr posht\u00ebrimin e presidentes s\u00eb Komisionit Evropian Ursula von der Leyen gjat\u00eb nj\u00eb vizite diplomatike n\u00eb Ankara k\u00ebt\u00eb jav\u00eb. Kryeministri i Italis\u00eb kritikoi Erdoganin p\u00ebr nj\u00eb incident kur von der Leyen u la n\u00eb [&hellip;]<\/p>\n","protected":false},"author":2030,"featured_media":176559,"comment_status":"closed","ping_status":"closed","sticky":false,"template":"","format":"standard","meta":{"footnotes":""},"categories":[241,191],"tags":[2259,451,329],"class_list":{"0":"post-176556","1":"post","2":"type-post","3":"status-publish","4":"format-standard","5":"has-post-thumbnail","7":"category-aktualitet","8":"category-bota","9":"tag-draghi-zemeron-turqine","10":"tag-lajme-zjarr","11":"tag-zjarr-tv"},"_links":{"self":[{"href":"https:\/\/zjarr.tv\/en\/wp-json\/wp\/v2\/posts\/176556","targetHints":{"allow":["GET"]}}],"collection":[{"href":"https:\/\/zjarr.tv\/en\/wp-json\/wp\/v2\/posts"}],"about":[{"href":"https:\/\/zjarr.tv\/en\/wp-json\/wp\/v2\/types\/post"}],"author":[{"embeddable":true,"href":"https:\/\/zjarr.tv\/en\/wp-json\/wp\/v2\/users\/2030"}],"replies":[{"embeddable":true,"href":"https:\/\/zjarr.tv\/en\/wp-json\/wp\/v2\/comments?post=176556"}],"version-history":[{"count":0,"href":"https:\/\/zjarr.tv\/en\/wp-json\/wp\/v2\/posts\/176556\/revisions"}],"wp:featuredmedia":[{"embeddable":true,"href":"https:\/\/zjarr.tv\/en\/wp-json\/wp\/v2\/media\/176559"}],"wp:attachment":[{"href":"https:\/\/zjarr.tv\/en\/wp-json\/wp\/v2\/media?parent=176556"}],"wp:term":[{"taxonomy":"category","embeddable":true,"href":"https:\/\/zjarr.tv\/en\/wp-json\/wp\/v2\/categories?post=176556"},{"taxonomy":"post_tag","embeddable":true,"href":"https:\/\/zjarr.tv\/en\/wp-json\/wp\/v2\/tags?post=176556"}],"curies":[{"name":"wp","href":"https:\/\/api.w.org\/{rel}","templated":true}]}}