{"id":176563,"date":"2021-04-09T12:54:31","date_gmt":"2021-04-09T10:54:31","guid":{"rendered":"https:\/\/zjarr.tv\/?p=176563"},"modified":"2021-04-09T12:54:57","modified_gmt":"2021-04-09T10:54:57","slug":"ja-kur-pritet-te-hapet-aeroporti-i-kukesit","status":"publish","type":"post","link":"https:\/\/zjarr.tv\/en\/ja-kur-pritet-te-hapet-aeroporti-i-kukesit\/","title":{"rendered":"Ja kur pritet t\u00eb hapet aeroporti i Kuk\u00ebsit\u2026"},"content":{"rendered":"<p>Aeroporti i Kuk\u00ebsit, \u00ebsht\u00eb drejt funksionit dhe pritet q\u00eb n\u00eb pak dit\u00eb t\u00eb realizohet edhe fluturimi i par\u00eb.<\/p>\n<p>N\u00eb Fletoren Zyrtare, \u00ebsht\u00eb botuar hapja zyrtare e pik\u00ebs s\u00eb kalimit kufitar ajror, ku shtetasit mund t\u00eb qarkullojn\u00eb. Tashm\u00eb aeroporti i Kuk\u00ebsit \u00ebsht\u00eb nj\u00eb pik\u00eb kufitare.<\/p>\n<p>Aeroporti i ri n\u00eb Kuk\u00ebs, i cili do t\u00eb hapet s\u00eb shpejti\u00a0do t\u00eb quhet\u00a0\u201cAeroporti Nd\u00ebrkomb\u00ebtar Zayed-Flatrat e Veriut\u201d.<\/p>\n<p>K\u00ebt\u00eb e\u00a0ka b\u00ebr\u00eb me dije vet\u00eb\u00a0Kryeministri Rama\u00a0teksa ka publikuar nj\u00eb video nga aeroporti, i cili mendohet t\u00eb hapet brenda k\u00ebtyre dit\u00ebve.<\/p>\n<p>Sipas informacioneve nga Ministria, fluturimi i par\u00eb do t\u00eb ndodh\u00eb m\u00eb 18 prill.<\/p>\n<p>&nbsp;<\/p>","protected":false},"excerpt":{"rendered":"<p>Aeroporti i Kuk\u00ebsit, \u00ebsht\u00eb drejt funksionit dhe pritet q\u00eb n\u00eb pak dit\u00eb t\u00eb realizohet edhe fluturimi i par\u00eb. N\u00eb Fletoren Zyrtare, \u00ebsht\u00eb botuar hapja zyrtare e pik\u00ebs s\u00eb kalimit kufitar ajror, ku shtetasit mund t\u00eb qarkullojn\u00eb. Tashm\u00eb aeroporti i Kuk\u00ebsit \u00ebsht\u00eb nj\u00eb pik\u00eb kufitare. Aeroporti i ri n\u00eb Kuk\u00ebs, i cili do t\u00eb hapet s\u00eb [&hellip;]<\/p>\n","protected":false},"author":2016,"featured_media":176565,"comment_status":"closed","ping_status":"closed","sticky":false,"template":"","format":"standard","meta":{"footnotes":""},"categories":[241],"tags":[2261],"class_list":{"0":"post-176563","1":"post","2":"type-post","3":"status-publish","4":"format-standard","5":"has-post-thumbnail","7":"category-aktualitet","8":"tag-lajme-zjarr-aeroporti-i-kukesit-zjarr-tv"},"_links":{"self":[{"href":"https:\/\/zjarr.tv\/en\/wp-json\/wp\/v2\/posts\/176563","targetHints":{"allow":["GET"]}}],"collection":[{"href":"https:\/\/zjarr.tv\/en\/wp-json\/wp\/v2\/posts"}],"about":[{"href":"https:\/\/zjarr.tv\/en\/wp-json\/wp\/v2\/types\/post"}],"author":[{"embeddable":true,"href":"https:\/\/zjarr.tv\/en\/wp-json\/wp\/v2\/users\/2016"}],"replies":[{"embeddable":true,"href":"https:\/\/zjarr.tv\/en\/wp-json\/wp\/v2\/comments?post=176563"}],"version-history":[{"count":0,"href":"https:\/\/zjarr.tv\/en\/wp-json\/wp\/v2\/posts\/176563\/revisions"}],"wp:featuredmedia":[{"embeddable":true,"href":"https:\/\/zjarr.tv\/en\/wp-json\/wp\/v2\/media\/176565"}],"wp:attachment":[{"href":"https:\/\/zjarr.tv\/en\/wp-json\/wp\/v2\/media?parent=176563"}],"wp:term":[{"taxonomy":"category","embeddable":true,"href":"https:\/\/zjarr.tv\/en\/wp-json\/wp\/v2\/categories?post=176563"},{"taxonomy":"post_tag","embeddable":true,"href":"https:\/\/zjarr.tv\/en\/wp-json\/wp\/v2\/tags?post=176563"}],"curies":[{"name":"wp","href":"https:\/\/api.w.org\/{rel}","templated":true}]}}