{"id":176578,"date":"2021-04-09T13:19:15","date_gmt":"2021-04-09T11:19:15","guid":{"rendered":"https:\/\/zjarr.tv\/?p=176578"},"modified":"2021-04-09T13:19:15","modified_gmt":"2021-04-09T11:19:15","slug":"ne-muajin-maj-do-te-kemi-nje-rritje-se-kurbes-se-te-infektuarve-brataj-partite-politike-po-cojne-virusin-edhe-ne-zona-te-pa-infektuara-me-pare","status":"publish","type":"post","link":"https:\/\/zjarr.tv\/en\/ne-muajin-maj-do-te-kemi-nje-rritje-se-kurbes-se-te-infektuarve-brataj-partite-politike-po-cojne-virusin-edhe-ne-zona-te-pa-infektuara-me-pare\/","title":{"rendered":"\u201cN\u00eb muajin maj do t\u00eb kemi nj\u00eb rritje s\u00eb kurb\u00ebs s\u00eb t\u00eb infektuarve\u201d, Brataj: Partit\u00eb politike po \u00e7ojn\u00eb virusin edhe n\u00eb zona t\u00eb pa infektuara m\u00eb par\u00eb"},"content":{"rendered":"<p><em>\u00a0<\/em>Kreu i Urgjenc\u00ebs, Sk\u00ebnder Brataj ka th\u00ebn\u00eb se n\u00eb fillim t\u00eb muajit maj pritet q\u00eb t\u00eb kemi nj\u00eb rritje t\u00eb numrit t\u00eb rasteve s\u00eb t\u00eb infektuar\u00ebve.<\/p>\n<p>Ai shton\u00a0 se ka nj\u00eb shtim t\u00eb zonave t\u00eb infektuara aty ku m\u00eb par\u00eb nuk ishin regjistruar raste infeksioni.<\/p>\n<p>Sipas Brataj p\u00ebr k\u00ebt\u00eb fakt mund t\u00eb ket\u00eb ndikuar aktiviteti i partive politik\u00eb t\u00eb cil\u00ebt po b\u00ebjn\u00eb fushat\u00eb n\u00eb t\u00eb gjitha zonat.<\/p>\n<p><em>\u201cN\u00eb fillim t\u00eb majit do t\u00eb ket\u00eb nj\u00eb rritje t\u00eb numrit t\u00eb t\u00eb infektuarve, por jo me ato p\u00ebrmasa q\u00eb kemi par\u00eb deri tani. Jan\u00eb 140 fshatra dhe qytete, kishim 105 para 20 dit\u00ebsh, ka shkuar virusi \u00ebsht\u00eb p\u00ebrhapur dhe n\u00eb k\u00ebto zona dhe besoj se kjo edhe se ky muaj \u00ebsht\u00eb muaji ku t\u00eb gjitha partit\u00eb politik po paraqiten n\u00eb t\u00eb gjitha k\u00ebto zona. Vatra kryesore n\u00eb fillim ishte Tirana dhe ikja n\u00ebp\u00ebr qytete turistike dhe detyrimisht\u00a0 l\u00ebvizja e njer\u00ebzve q\u00eb jan\u00eb t\u00eb infektuar, pavar\u00ebsisht n\u00ebse jan\u00eb t\u00eb s\u00ebmur\u00eb apo jo, jan\u00eb burim infeksioni, edhe kjo po ndikon\u201d, <\/em>tha Brataj.<\/p>\n<p>Sa i p\u00ebrket procesit t\u00eb vaksinimit Brataj tha se po ec\u00ebn me ritme mjaft t\u00eb shpejta dhe se deri m\u00eb tani jan\u00eb vaksinuar 8.2% e popullsis\u00eb.<\/p>\n<p>Brataj dhe nj\u00ebher\u00eb i b\u00ebri apel qytetar\u00ebve q\u00eb t\u00eb vaksinohen duke theksuar se vaksinat i kan\u00eb kaluar t\u00eb gjitha provat e efektshm\u00ebris\u00eb.<\/p>","protected":false},"excerpt":{"rendered":"<p>\u00a0Kreu i Urgjenc\u00ebs, Sk\u00ebnder Brataj ka th\u00ebn\u00eb se n\u00eb fillim t\u00eb muajit maj pritet q\u00eb t\u00eb kemi nj\u00eb rritje t\u00eb numrit t\u00eb rasteve s\u00eb t\u00eb infektuar\u00ebve. Ai shton\u00a0 se ka nj\u00eb shtim t\u00eb zonave t\u00eb infektuara aty ku m\u00eb par\u00eb nuk ishin regjistruar raste infeksioni. Sipas Brataj p\u00ebr k\u00ebt\u00eb fakt mund t\u00eb ket\u00eb ndikuar aktiviteti [&hellip;]<\/p>\n","protected":false},"author":2030,"featured_media":176579,"comment_status":"closed","ping_status":"closed","sticky":false,"template":"","format":"standard","meta":{"footnotes":""},"categories":[241],"tags":[2264,451,329],"class_list":{"0":"post-176578","1":"post","2":"type-post","3":"status-publish","4":"format-standard","5":"has-post-thumbnail","7":"category-aktualitet","8":"tag-brataj-partite-politike-po-cojne-virusin-edhe-ne-zona-te-pa-infektuara-me-pare","9":"tag-lajme-zjarr","10":"tag-zjarr-tv"},"_links":{"self":[{"href":"https:\/\/zjarr.tv\/en\/wp-json\/wp\/v2\/posts\/176578","targetHints":{"allow":["GET"]}}],"collection":[{"href":"https:\/\/zjarr.tv\/en\/wp-json\/wp\/v2\/posts"}],"about":[{"href":"https:\/\/zjarr.tv\/en\/wp-json\/wp\/v2\/types\/post"}],"author":[{"embeddable":true,"href":"https:\/\/zjarr.tv\/en\/wp-json\/wp\/v2\/users\/2030"}],"replies":[{"embeddable":true,"href":"https:\/\/zjarr.tv\/en\/wp-json\/wp\/v2\/comments?post=176578"}],"version-history":[{"count":0,"href":"https:\/\/zjarr.tv\/en\/wp-json\/wp\/v2\/posts\/176578\/revisions"}],"wp:featuredmedia":[{"embeddable":true,"href":"https:\/\/zjarr.tv\/en\/wp-json\/wp\/v2\/media\/176579"}],"wp:attachment":[{"href":"https:\/\/zjarr.tv\/en\/wp-json\/wp\/v2\/media?parent=176578"}],"wp:term":[{"taxonomy":"category","embeddable":true,"href":"https:\/\/zjarr.tv\/en\/wp-json\/wp\/v2\/categories?post=176578"},{"taxonomy":"post_tag","embeddable":true,"href":"https:\/\/zjarr.tv\/en\/wp-json\/wp\/v2\/tags?post=176578"}],"curies":[{"name":"wp","href":"https:\/\/api.w.org\/{rel}","templated":true}]}}