{"id":176582,"date":"2021-04-09T13:28:11","date_gmt":"2021-04-09T11:28:11","guid":{"rendered":"https:\/\/zjarr.tv\/?p=176582"},"modified":"2021-04-09T13:28:11","modified_gmt":"2021-04-09T11:28:11","slug":"te-zhgenjyer-nga-rama-dhe-dako-dy-socialiste-te-njohur-ne-durres-kalojne-ne-pd-i-pret-ne-takim-vete-basha","status":"publish","type":"post","link":"https:\/\/zjarr.tv\/en\/te-zhgenjyer-nga-rama-dhe-dako-dy-socialiste-te-njohur-ne-durres-kalojne-ne-pd-i-pret-ne-takim-vete-basha\/","title":{"rendered":"T\u00eb zhg\u00ebnjyer nga Rama dhe Dako, dy socialist\u00eb t\u00eb njohur n\u00eb Durr\u00ebs kalojn\u00eb n\u00eb PD. I pret n\u00eb takim vet\u00eb Basha"},"content":{"rendered":"<p>Kryedemokrati Basha ka pritur dit\u00ebn e sotme dy an\u00ebtar\u00eb t\u00eb Partis\u00eb Socialist\u00eb, t\u00eb cil\u00ebt kan\u00eb shpallur publikisht vot\u00ebn e tyre p\u00ebr Partin\u00eb Demokratike. B\u00ebhet fjal\u00eb p\u00ebr Serian Mazrekun dhe Ardit K\u00ebrtush\u00ebn, dy aktivist\u00eb dhe figura t\u00eb r\u00ebnd\u00ebsishme t\u00eb socialist\u00ebve n\u00eb qytetin bregdetar.<\/p>\n<p>Ata jan\u00eb shprehur t\u00eb trishtuar p\u00ebr kapjen e qytetit nga ato q\u00eb ata i quajn\u00eb interesat e ngushta t\u00eb ish-kryebashkiakut Vangjush Dako. Mazreku, administrator i nj\u00ebsis\u00eb administrative K\u00ebnet\u00eb, u ka b\u00ebr\u00eb thirrje t\u00eb gjith\u00eb t\u00eb af\u00ebrmve t\u00eb tij t\u00eb mb\u00ebshtesin PD-n\u00eb dhe t\u00eb mos pranojn\u00eb l\u00ebmosha, duke n\u00ebnkuptuar shitjen e vot\u00ebs.<\/p>\n<p>Nga ana e tij, ish-kryetari i FRESSH p\u00ebr qytetin e Durr\u00ebsit dhe s\u00eb fundmi Drejtor i Drejtoris\u00eb s\u00eb Planifikimit Strategjik dhe Jet\u00ebsimit t\u00eb Prioriteteve n\u00eb Bashkin\u00eb e Tiran\u00ebs, Ardit K\u00ebrtusha \u00ebsht\u00eb shprehur se Durr\u00ebsi ka mbetur peng i interesave t\u00eb Dakos.<\/p>\n<p>K\u00ebrtusha p\u00ebrmendi arroganc\u00ebn e Bashkis\u00eb Durr\u00ebs, munges\u00ebn e sh\u00ebrbimeve p\u00ebr qytetar\u00ebt dhe mbetjen e saj pa drejtues real. Dy socialist\u00ebt u duk\u00ebn shum\u00eb t\u00eb revoltuar edhe me klim\u00ebn brenda partis\u00eb n\u00eb pushtet. Zyrat e PS-s\u00eb Durr\u00ebs sipas tyre jan\u00eb uzurpuar nga t\u00eb fort\u00eb dhe figura t\u00eb bot\u00ebs s\u00eb krimit. Alternativa q\u00eb ofron PS, shprehen ata, \u00ebsht\u00eb heshtja dhe largimi i t\u00eb rinjve nga vendi.<\/p>\n<p>Lideri i opozit\u00ebs, z. Basha, u shpreh se ai d\u00ebshironte t\u00eb shihte nj\u00eb gar\u00eb idesh dhe programesh nd\u00ebrmjet partive, gj\u00eb q\u00eb nuk po ndodh sepse pushteti nuk ka paraqitur alternativ\u00eb. Basha u tregua entuziast p\u00ebr faktin q\u00eb ka socialist\u00eb q\u00eb duan ndryshim dhe e gjejn\u00eb ndryshimin tek Partia Demokratike. Basha mir\u00ebpriti kontributin e socialist\u00ebve durrsak\u00eb dhe u b\u00ebri ftes\u00eb t\u00eb gjith\u00eb socialist\u00ebve q\u00eb e duan vendin dhe duan t\u00eb b\u00ebjn\u00eb ndryshim p\u00ebr hir t\u00eb t\u00eb ardhmes s\u00eb f\u00ebmij\u00ebve t\u00eb tyre.<\/p>\n<p>T\u00eb rinjt\u00eb socialist\u00eb u shpreh\u00ebn t\u00eb revoltuar me klim\u00ebn politike brenda partis\u00eb s\u00eb tyre, me cinizmin dhe notat groteske q\u00eb mbizot\u00ebrojn\u00eb n\u00eb gjuh\u00ebn politike t\u00eb drejtuesve t\u00eb saj. K\u00ebrtusha vuri n\u00eb pah dallimin q\u00eb ai shihte nd\u00ebrmjet Bash\u00ebs dhe Ram\u00ebs kur theksoi se \u201ck\u00ebtu gjej nj\u00eb lider larg ironis\u00eb, notave groteske dhe shp\u00ebrfilljes\u201d. Ai d\u00ebnoi gjuh\u00ebn e urrejtjes dhe b\u00ebri thirrje q\u00eb \u201ct\u00eb heqim nj\u00eb drejtues i cili nuk mund t\u00eb drejtoj\u00eb m\u00eb as sht\u00ebpin\u00eb e tij, Partin\u00eb Socialiste, jo m\u00eb vendin, Shqip\u00ebrin\u00eb\u201d.<\/p>\n<p>Nd\u00ebrsa lideri i opozit\u00ebs Basha tha se m\u00eb 25 prill nuk \u00e7lirohet vet\u00ebm Shqip\u00ebria, por edhe Partia Socialiste. Sipas tij, me ndryshimin e pritur t\u00eb 25 prillit, fiton Shqip\u00ebria, fitojn\u00eb edhe socialist\u00ebt e zakonsh\u00ebm. \u201cDo ta nd\u00ebrtojm\u00eb k\u00ebt\u00eb vend q\u00eb \u00ebsht\u00eb i bekuar nga Zoti me burime njer\u00ebzore dhe natyrore\u201d tha Basha nd\u00ebrsa theksoi se filozofia e tij politike nuk \u00ebsht\u00eb p\u00ebr\u00e7arja, por bashkimi n\u00eb t\u00eb mir\u00eb t\u00eb vendit. Kalimin e tyre nga PS tek PD, kryedemokrati e quajti kalim nga projekti i d\u00ebshp\u00ebrimit n\u00eb projektin e shpres\u00ebs dhe shfaqje e besnik\u00ebris\u00eb s\u00eb tyre ndaj Shqip\u00ebris\u00eb.<\/p>\n<p>N\u00eb fund, Basha u ka uruar mir\u00ebseardhjen dy funksionar\u00ebve socialist\u00eb q\u00eb iu bashkuan Partis\u00eb Demokratike p\u00ebr t\u00eb sjell\u00eb ndryshim n\u00eb Shqip\u00ebri pas 8 vitesh d\u00ebshtime.<\/p>","protected":false},"excerpt":{"rendered":"<p>Kryedemokrati Basha ka pritur dit\u00ebn e sotme dy an\u00ebtar\u00eb t\u00eb Partis\u00eb Socialist\u00eb, t\u00eb cil\u00ebt kan\u00eb shpallur publikisht vot\u00ebn e tyre p\u00ebr Partin\u00eb Demokratike. B\u00ebhet fjal\u00eb p\u00ebr Serian Mazrekun dhe Ardit K\u00ebrtush\u00ebn, dy aktivist\u00eb dhe figura t\u00eb r\u00ebnd\u00ebsishme t\u00eb socialist\u00ebve n\u00eb qytetin bregdetar. Ata jan\u00eb shprehur t\u00eb trishtuar p\u00ebr kapjen e qytetit nga ato q\u00eb ata [&hellip;]<\/p>\n","protected":false},"author":2030,"featured_media":176583,"comment_status":"closed","ping_status":"closed","sticky":false,"template":"","format":"standard","meta":{"footnotes":""},"categories":[241,1454],"tags":[451,2265,329],"class_list":{"0":"post-176582","1":"post","2":"type-post","3":"status-publish","4":"format-standard","5":"has-post-thumbnail","7":"category-aktualitet","8":"category-politike","9":"tag-lajme-zjarr","10":"tag-te-zhgenjyer-nga-rama-dhe-dako-dy-socialiste-te-njohur-ne-durres-kalojne-ne-pd","11":"tag-zjarr-tv"},"_links":{"self":[{"href":"https:\/\/zjarr.tv\/en\/wp-json\/wp\/v2\/posts\/176582","targetHints":{"allow":["GET"]}}],"collection":[{"href":"https:\/\/zjarr.tv\/en\/wp-json\/wp\/v2\/posts"}],"about":[{"href":"https:\/\/zjarr.tv\/en\/wp-json\/wp\/v2\/types\/post"}],"author":[{"embeddable":true,"href":"https:\/\/zjarr.tv\/en\/wp-json\/wp\/v2\/users\/2030"}],"replies":[{"embeddable":true,"href":"https:\/\/zjarr.tv\/en\/wp-json\/wp\/v2\/comments?post=176582"}],"version-history":[{"count":0,"href":"https:\/\/zjarr.tv\/en\/wp-json\/wp\/v2\/posts\/176582\/revisions"}],"wp:featuredmedia":[{"embeddable":true,"href":"https:\/\/zjarr.tv\/en\/wp-json\/wp\/v2\/media\/176583"}],"wp:attachment":[{"href":"https:\/\/zjarr.tv\/en\/wp-json\/wp\/v2\/media?parent=176582"}],"wp:term":[{"taxonomy":"category","embeddable":true,"href":"https:\/\/zjarr.tv\/en\/wp-json\/wp\/v2\/categories?post=176582"},{"taxonomy":"post_tag","embeddable":true,"href":"https:\/\/zjarr.tv\/en\/wp-json\/wp\/v2\/tags?post=176582"}],"curies":[{"name":"wp","href":"https:\/\/api.w.org\/{rel}","templated":true}]}}