{"id":176596,"date":"2021-04-09T16:34:31","date_gmt":"2021-04-09T14:34:31","guid":{"rendered":"https:\/\/zjarr.tv\/?p=176596"},"modified":"2021-04-09T16:34:31","modified_gmt":"2021-04-09T14:34:31","slug":"ministria-e-infrastruktures-dhe-energjise-i-jep-zgjidhje-situates-kontrollore-te-huaj-ne-aeroportin-e-rinasit","status":"publish","type":"post","link":"https:\/\/zjarr.tv\/en\/ministria-e-infrastruktures-dhe-energjise-i-jep-zgjidhje-situates-kontrollore-te-huaj-ne-aeroportin-e-rinasit\/","title":{"rendered":"Ministria e Infrastruktur\u00ebs dhe Energjis\u00eb i jep &#8216;zgjidhje&#8217; situat\u00ebs\/Kontrollor\u00eb t\u00eb huaj n\u00eb Aeroportin e Rinasit"},"content":{"rendered":"<p>Ministria e Infrastruktur\u00ebs dhe Energjis\u00eb i ka dh\u00ebn\u00eb drit\u00ebn jeshile zyrtarisht dit\u00ebn e sotme pun\u00ebsimit t\u00eb kontrollor\u00ebve t\u00eb huaj pas ng\u00ebrcit n\u00eb Aeroportin e Rinasit.<\/p>\n<p>MIE ka rishikuar procedurat pas bllokimit t\u00eb fluturimeve n\u00eb Aeroportin e Rinasit p\u00ebrshkak t\u00eb pezullimit t\u00eb pun\u00ebs nga ana e 60 kontrollor\u00ebve shqiptar\u00eb n\u00eb form\u00eb proteste.<\/p>\n<p>Pas rishikimit, MIE ka dh\u00ebn\u00eb urdh\u00ebr q\u00eb \u00ebsht\u00eb aviacioni civil ai q\u00eb duhet t\u00eb b\u00ebj\u00eb procedurat dhe k\u00ebto procedura duhet t\u00eb jen\u00eb sipas Konvent\u00ebs s\u00eb \u00c7ikagos.<\/p>\n<p>N\u00eb k\u00ebt\u00eb m\u00ebnyr\u00eb tashm\u00eb i hapet zyrtarisht rruga pun\u00ebsimit t\u00eb kontrollor\u00ebve t\u00eb huaj ne vendin ton\u00eb. Kujtojm\u00eb se disa kontrollor\u00eb turq dhe grek\u00eb kan\u00eb q\u00eb prej dit\u00ebs s\u00eb djeshme n\u00eb aeroportin e Rinasit duke asistuar n\u00eb uljen dhe ngritjen e avion\u00ebve n\u00eb aeroportin e vet\u00ebm nd\u00ebrkomb\u00ebtar t\u00eb Shqip\u00ebris\u00eb.<\/p>\n<p>60 kontrollor\u00eb t\u00eb Albcontrol pezulluan unanimisht pun\u00ebn e tyre t\u00eb mart\u00ebn n\u00eb mbr\u00ebmje p\u00ebr shkak t\u00eb 5 pushimeve nga puna t\u00eb menj\u00ebhershme si dhe reduktim page n\u00eb mas\u00ebn 70% p\u00ebr shkak t\u00eb pandemis\u00eb. Pasi d\u00ebshtuan t\u00eb gjenin nj\u00eb marr\u00ebveshje me Ministren e Infrastruktur\u00ebs, kjo e fundit i paralajm\u00ebroi q\u00eb n\u00ebse nuk kthehen n\u00eb pun\u00eb do t\u00eb largoheshin nag Albcontrol.<\/p>\n<p>24 kontrollor\u00eb u shoqeruar n\u00eb Polici mbr\u00ebmjen e s\u00eb m\u00ebrkur\u00ebs, nga t\u00eb cil\u00ebt 3 vazhdojn\u00eb t\u00eb mbahen n\u00eb Policin\u00eb e Tiran\u00ebs si organizator\u00ebt e asaj q\u00eb qeveria e quan nj\u00eb grusht shteti. Dit\u00ebn e sotme, disa prej kontrollor\u00ebve jan\u00eb rikthyer n\u00eb vendin e pun\u00ebs.<\/p>","protected":false},"excerpt":{"rendered":"<p>Ministria e Infrastruktur\u00ebs dhe Energjis\u00eb i ka dh\u00ebn\u00eb drit\u00ebn jeshile zyrtarisht dit\u00ebn e sotme pun\u00ebsimit t\u00eb kontrollor\u00ebve t\u00eb huaj pas ng\u00ebrcit n\u00eb Aeroportin e Rinasit. MIE ka rishikuar procedurat pas bllokimit t\u00eb fluturimeve n\u00eb Aeroportin e Rinasit p\u00ebrshkak t\u00eb pezullimit t\u00eb pun\u00ebs nga ana e 60 kontrollor\u00ebve shqiptar\u00eb n\u00eb form\u00eb proteste. Pas rishikimit, MIE ka [&hellip;]<\/p>\n","protected":false},"author":2031,"featured_media":176597,"comment_status":"closed","ping_status":"closed","sticky":false,"template":"","format":"standard","meta":{"footnotes":""},"categories":[241,231,235],"tags":[2193,312,329],"class_list":{"0":"post-176596","1":"post","2":"type-post","3":"status-publish","4":"format-standard","5":"has-post-thumbnail","7":"category-aktualitet","8":"category-lajme","9":"category-vendi","10":"tag-balluku","11":"tag-lajme","12":"tag-zjarr-tv"},"_links":{"self":[{"href":"https:\/\/zjarr.tv\/en\/wp-json\/wp\/v2\/posts\/176596","targetHints":{"allow":["GET"]}}],"collection":[{"href":"https:\/\/zjarr.tv\/en\/wp-json\/wp\/v2\/posts"}],"about":[{"href":"https:\/\/zjarr.tv\/en\/wp-json\/wp\/v2\/types\/post"}],"author":[{"embeddable":true,"href":"https:\/\/zjarr.tv\/en\/wp-json\/wp\/v2\/users\/2031"}],"replies":[{"embeddable":true,"href":"https:\/\/zjarr.tv\/en\/wp-json\/wp\/v2\/comments?post=176596"}],"version-history":[{"count":0,"href":"https:\/\/zjarr.tv\/en\/wp-json\/wp\/v2\/posts\/176596\/revisions"}],"wp:featuredmedia":[{"embeddable":true,"href":"https:\/\/zjarr.tv\/en\/wp-json\/wp\/v2\/media\/176597"}],"wp:attachment":[{"href":"https:\/\/zjarr.tv\/en\/wp-json\/wp\/v2\/media?parent=176596"}],"wp:term":[{"taxonomy":"category","embeddable":true,"href":"https:\/\/zjarr.tv\/en\/wp-json\/wp\/v2\/categories?post=176596"},{"taxonomy":"post_tag","embeddable":true,"href":"https:\/\/zjarr.tv\/en\/wp-json\/wp\/v2\/tags?post=176596"}],"curies":[{"name":"wp","href":"https:\/\/api.w.org\/{rel}","templated":true}]}}