{"id":176624,"date":"2021-04-09T18:48:04","date_gmt":"2021-04-09T16:48:04","guid":{"rendered":"https:\/\/zjarr.tv\/?p=176624"},"modified":"2021-04-09T18:48:04","modified_gmt":"2021-04-09T16:48:04","slug":"a-do-te-ndryshoje-ora-policore-edi-rama-tregon-kerkesen-qe-u-ka-bere-komitetit-te-eksperteve","status":"publish","type":"post","link":"https:\/\/zjarr.tv\/en\/a-do-te-ndryshoje-ora-policore-edi-rama-tregon-kerkesen-qe-u-ka-bere-komitetit-te-eksperteve\/","title":{"rendered":"A do t\u00eb ndryshoj\u00eb ora policore\/Edi Rama tregon k\u00ebrkes\u00ebn q\u00eb u ka b\u00ebr\u00eb Komitetit t\u00eb Ekspert\u00ebve"},"content":{"rendered":"<p>Kryeministri Edi Rama n\u00eb kuad\u00ebr t\u00eb fushat\u00ebs elektorale ka zhvilluar nj\u00eb telefonat me ministren e Arsimit dhe kandidaten p\u00ebr deputete n\u00eb qarkun e Elbasanit, Evis Kushi, gjat\u00eb kthimit t\u00eb tij nga Saranda, ku \u00ebsht\u00eb informuar p\u00ebr ecurin\u00eb e fushat\u00ebs elektorale n\u00eb k\u00ebt\u00eb qark.<\/p>\n<p>Kushi i ka komunikuar kryeministrin k\u00ebrkes\u00ebn e qytetar\u00ebve n\u00eb lidhje me zgjatjen e or\u00ebs policore gjat\u00eb muajit t\u00eb Ramazanit, n\u00eb nj\u00eb koh\u00eb q\u00eb sipas saj vaksinimi po ec\u00ebn me ritme t\u00eb mira.<\/p>\n<p>\u201cKam nj\u00eb k\u00ebrkes\u00eb nga qytetar\u00ebt se kan\u00eb merakun e or\u00ebs policore, t\u00eb zgjatej deri n\u00eb 9 ose 10 p\u00ebr periudh\u00ebn e Ramazanit\u201d- tha Kushi.<\/p>\n<p>Kryeministri pohoi q\u00eb i kan\u00eb b\u00ebr\u00eb nj\u00eb k\u00ebrkes\u00eb Komitetit Teknik t\u00eb Ekspert\u00ebve, por mesa duket nuk ka ende nj\u00eb vendim.<\/p>\n<p>\u201cNj\u00eb k\u00ebrkes\u00eb me arsyetim q\u00eb a mund t\u00eb b\u00ebhet kjo e kemi b\u00ebr\u00eb.\u00a0 Vaksinimi duhet t\u00eb shoq\u00ebrohet me distancim dhe me rregull\u201d- u shpreh Rama.<\/p>\n<p>Sa u takon mb\u00ebshtet\u00ebsve t\u00eb LSI n\u00eb Elbasan, Kushi thekson se nj\u00eb pjes\u00eb po i bashkohen PS-s\u00eb, kurse pjesa tjet\u00ebr PD-s\u00eb<\/p>\n<p>&nbsp;<\/p>","protected":false},"excerpt":{"rendered":"<p>Kryeministri Edi Rama n\u00eb kuad\u00ebr t\u00eb fushat\u00ebs elektorale ka zhvilluar nj\u00eb telefonat me ministren e Arsimit dhe kandidaten p\u00ebr deputete n\u00eb qarkun e Elbasanit, Evis Kushi, gjat\u00eb kthimit t\u00eb tij nga Saranda, ku \u00ebsht\u00eb informuar p\u00ebr ecurin\u00eb e fushat\u00ebs elektorale n\u00eb k\u00ebt\u00eb qark. Kushi i ka komunikuar kryeministrin k\u00ebrkes\u00ebn e qytetar\u00ebve n\u00eb lidhje me zgjatjen [&hellip;]<\/p>\n","protected":false},"author":2031,"featured_media":176490,"comment_status":"closed","ping_status":"closed","sticky":false,"template":"","format":"standard","meta":{"footnotes":""},"categories":[1],"tags":[312,302,329],"class_list":{"0":"post-176624","1":"post","2":"type-post","3":"status-publish","4":"format-standard","5":"has-post-thumbnail","7":"category-uncategorized-sq","8":"tag-lajme","9":"tag-rama","10":"tag-zjarr-tv"},"_links":{"self":[{"href":"https:\/\/zjarr.tv\/en\/wp-json\/wp\/v2\/posts\/176624","targetHints":{"allow":["GET"]}}],"collection":[{"href":"https:\/\/zjarr.tv\/en\/wp-json\/wp\/v2\/posts"}],"about":[{"href":"https:\/\/zjarr.tv\/en\/wp-json\/wp\/v2\/types\/post"}],"author":[{"embeddable":true,"href":"https:\/\/zjarr.tv\/en\/wp-json\/wp\/v2\/users\/2031"}],"replies":[{"embeddable":true,"href":"https:\/\/zjarr.tv\/en\/wp-json\/wp\/v2\/comments?post=176624"}],"version-history":[{"count":0,"href":"https:\/\/zjarr.tv\/en\/wp-json\/wp\/v2\/posts\/176624\/revisions"}],"wp:featuredmedia":[{"embeddable":true,"href":"https:\/\/zjarr.tv\/en\/wp-json\/wp\/v2\/media\/176490"}],"wp:attachment":[{"href":"https:\/\/zjarr.tv\/en\/wp-json\/wp\/v2\/media?parent=176624"}],"wp:term":[{"taxonomy":"category","embeddable":true,"href":"https:\/\/zjarr.tv\/en\/wp-json\/wp\/v2\/categories?post=176624"},{"taxonomy":"post_tag","embeddable":true,"href":"https:\/\/zjarr.tv\/en\/wp-json\/wp\/v2\/tags?post=176624"}],"curies":[{"name":"wp","href":"https:\/\/api.w.org\/{rel}","templated":true}]}}