{"id":176666,"date":"2021-04-10T08:33:23","date_gmt":"2021-04-10T06:33:23","guid":{"rendered":"https:\/\/zjarr.tv\/?p=176666"},"modified":"2021-04-10T08:34:00","modified_gmt":"2021-04-10T06:34:00","slug":"yuri-kim-reforma-ne-drejtesi-eshte-i-vetmi-mjet-per-nje-te-ardhme-te-sigurt","status":"publish","type":"post","link":"https:\/\/zjarr.tv\/en\/yuri-kim-reforma-ne-drejtesi-eshte-i-vetmi-mjet-per-nje-te-ardhme-te-sigurt\/","title":{"rendered":"Yuri Kim: Reforma n\u00eb drejt\u00ebsi, \u00ebsht\u00eb i vetmi mjet p\u00ebr nj\u00eb t\u00eb ardhme t\u00eb sigurt\u2026"},"content":{"rendered":"<p>Ambasadorja amerikane, Yuri Kim, ka ritheksuar se SHBA e mb\u00ebshtet plot\u00ebsisht reform\u00ebn n\u00eb drejt\u00ebsi.<\/p>\n<p>Kim, gjat\u00eb fjal\u00ebs s\u00eb saj n\u00eb aktivitetin e projektit \u201cDrejt\u00ebsi p\u00ebr t\u00eb gjith\u00eb\u201d, mes t\u00eb tjerash ka theksuar se \u00ebsht\u00eb angazhuar personalisht, p\u00ebr t\u00eb b\u00ebr\u00eb gjith\u00e7ka p\u00ebr t\u00eb promovuar k\u00ebt\u00eb reform\u00eb si nj\u00eb mjet p\u00ebr t\u00eb arritur nj\u00eb t\u00eb ardhme m\u00eb t\u00eb drejt\u00eb, m\u00eb demokratike dhe m\u00eb t\u00eb sigurt p\u00ebr shqiptar\u00ebt.<\/p>\n<p><em style=\"font-weight: inherit;\">\u201cM\u00eb lejoni t\u00eb jem e qart\u00eb: SHBA e mb\u00ebshtet plot\u00ebsisht reform\u00ebn n\u00eb drejt\u00ebsi t\u00eb Shqip\u00ebris\u00eb dhe aspiratat e an\u00ebtar\u00ebsimit t\u00eb saj n\u00eb BE. Ne jemi me ju krah p\u00ebr krah. Un\u00eb jam angazhuar personalisht si p\u00ebrfaq\u00ebsuese e Presidentit t\u00eb Shteteve t\u00eb Bashkuara p\u00ebr t\u00eb b\u00ebr\u00eb gjith\u00e7ka q\u00eb mundem p\u00ebr t\u00eb promovuar k\u00ebt\u00eb reform\u00eb si nj\u00eb mjet p\u00ebr t\u00eb arritur nj\u00eb t\u00eb ardhme m\u00eb t\u00eb drejt\u00eb, m\u00eb demokratike dhe m\u00eb t\u00eb sigurt p\u00ebr shqiptar\u00ebt. Projekti \u201cDrejt\u00ebsi p\u00ebr t\u00eb gjith\u00eb\u201d ka qen\u00eb nj\u00ebri prej angazhimeve t\u00eb shumta t\u00eb SHBA-ve p\u00ebr t\u00eb mb\u00ebshtetur reform\u00ebn n\u00eb drejt\u00ebsi t\u00eb Shqip\u00ebris\u00eb. Mb\u00ebshtetja jon\u00eb do t\u00eb vazhdoj\u00eb\u201d.<\/em><\/p>\n<p>&nbsp;<\/p>","protected":false},"excerpt":{"rendered":"<p>Ambasadorja amerikane, Yuri Kim, ka ritheksuar se SHBA e mb\u00ebshtet plot\u00ebsisht reform\u00ebn n\u00eb drejt\u00ebsi. Kim, gjat\u00eb fjal\u00ebs s\u00eb saj n\u00eb aktivitetin e projektit \u201cDrejt\u00ebsi p\u00ebr t\u00eb gjith\u00eb\u201d, mes t\u00eb tjerash ka theksuar se \u00ebsht\u00eb angazhuar personalisht, p\u00ebr t\u00eb b\u00ebr\u00eb gjith\u00e7ka p\u00ebr t\u00eb promovuar k\u00ebt\u00eb reform\u00eb si nj\u00eb mjet p\u00ebr t\u00eb arritur nj\u00eb t\u00eb ardhme m\u00eb [&hellip;]<\/p>\n","protected":false},"author":2016,"featured_media":176668,"comment_status":"closed","ping_status":"closed","sticky":false,"template":"","format":"standard","meta":{"footnotes":""},"categories":[241],"tags":[2276],"class_list":{"0":"post-176666","1":"post","2":"type-post","3":"status-publish","4":"format-standard","5":"has-post-thumbnail","7":"category-aktualitet","8":"tag-lajme-zjarr-flet-yuri-kim-zjarr-tv"},"_links":{"self":[{"href":"https:\/\/zjarr.tv\/en\/wp-json\/wp\/v2\/posts\/176666","targetHints":{"allow":["GET"]}}],"collection":[{"href":"https:\/\/zjarr.tv\/en\/wp-json\/wp\/v2\/posts"}],"about":[{"href":"https:\/\/zjarr.tv\/en\/wp-json\/wp\/v2\/types\/post"}],"author":[{"embeddable":true,"href":"https:\/\/zjarr.tv\/en\/wp-json\/wp\/v2\/users\/2016"}],"replies":[{"embeddable":true,"href":"https:\/\/zjarr.tv\/en\/wp-json\/wp\/v2\/comments?post=176666"}],"version-history":[{"count":0,"href":"https:\/\/zjarr.tv\/en\/wp-json\/wp\/v2\/posts\/176666\/revisions"}],"wp:featuredmedia":[{"embeddable":true,"href":"https:\/\/zjarr.tv\/en\/wp-json\/wp\/v2\/media\/176668"}],"wp:attachment":[{"href":"https:\/\/zjarr.tv\/en\/wp-json\/wp\/v2\/media?parent=176666"}],"wp:term":[{"taxonomy":"category","embeddable":true,"href":"https:\/\/zjarr.tv\/en\/wp-json\/wp\/v2\/categories?post=176666"},{"taxonomy":"post_tag","embeddable":true,"href":"https:\/\/zjarr.tv\/en\/wp-json\/wp\/v2\/tags?post=176666"}],"curies":[{"name":"wp","href":"https:\/\/api.w.org\/{rel}","templated":true}]}}