{"id":176672,"date":"2021-04-10T08:51:25","date_gmt":"2021-04-10T06:51:25","guid":{"rendered":"https:\/\/zjarr.tv\/?p=176672"},"modified":"2021-04-10T08:51:54","modified_gmt":"2021-04-10T06:51:54","slug":"sander-lleshaj-pretendimet-e-kontrolloreve-budalleqe-ky-ka-qene-profesioni-im-i-pare-me-degjoni-mua","status":"publish","type":"post","link":"https:\/\/zjarr.tv\/en\/sander-lleshaj-pretendimet-e-kontrolloreve-budalleqe-ky-ka-qene-profesioni-im-i-pare-me-degjoni-mua\/","title":{"rendered":"Sand\u00ebr Lleshaj: Pretendimet e kontrollor\u00ebve Budall\u00ebqe, ky ka qen\u00eb profesioni im i par\u00eb, m\u00eb d\u00ebgjoni mua\u2026"},"content":{"rendered":"<p>Mbr\u00ebmjen e djeshme, n\u00eb nj\u00eb intervist\u00eb televizive, ish-ministri i Brendsh\u00ebm Sand\u00ebr Lleshaj, ka rr\u00ebzuar pretendimet e disa qeveritar\u00ebve, se me grev\u00ebn e kontrollor\u00ebve n\u00eb Rinas u cenua siguria komb\u00ebtare.\u00a0<em>\u201cNuk mund t\u00eb themi se siguria komb\u00ebtare rrezikohet nga tre persona. Jo!<\/em><\/p>\n<p><em>Siguria komb\u00ebtare \u00ebsht\u00eb e bazuar n\u00eb shum\u00eb kolona, dhe sado t\u00eb pres\u00ebsh nj\u00ebr\u00ebn, le q\u00eb kjo nuk \u00ebsht\u00eb fare kolon\u00eb, nuk mund t\u00eb pretendohet se u cenua siguria komb\u00ebtare, por u prodhuan pasoja p\u00ebr jet\u00ebn e njer\u00ebzve<\/em>\u201d.<\/p>\n<p>Lleshaj i cil\u00ebsoi qesharake deklaratat e kontrollor\u00ebve, q\u00eb jan\u00eb t\u00eb paz\u00ebvend\u00ebsuesh\u00ebm. \u201c<em>Kam d\u00ebgjuar budall\u00ebqe, cfar\u00eb do t\u00eb ndodhte, do t\u00eb na rr\u00ebzohej avioni, a thua se k\u00ebta drejtonin avionin. Avioni drejtohet nga pilot\u00ebt. Dhe pilot\u00ebt jan\u00eb autonom\u00eb sa t\u00eb mos bien pre e k\u00ebsaj, se nj\u00eb sistem mund t\u00eb bjer\u00eb\u2026.<\/em><\/p>\n<p><em> Ky \u00ebsht\u00eb profesioni im i par\u00eb, un\u00eb kam qen\u00eb oficer i radio-lokacionit, ky \u00ebsht\u00eb profesioni im. \u00cbsht\u00eb mitizuar. D\u00ebgjoja ata protagonist\u00ebt e ngjarjes q\u00eb me nj\u00eb lloj n\u00ebnqeshje cinike thonin nuk ka kush na z\u00ebvend\u00ebson ne. Jo mo ka kush ju z\u00ebvend\u00ebson fare mir\u00eb<\/em>\u201d u shpreh Lleshaj.<\/p>\n<p>Lleshaj tha se Shqip\u00ebria \u201c<em>ka kontrollor\u00eb trafiku ushtarak\u00eb<\/em>\u201d. Por cili ishte m\u00ebsimi q\u00eb duhet t\u00eb nxjerrim? \u201c<em>Si t\u00eb reduktojm\u00eb riskun e var\u00ebsis\u00eb nga profesione ekskluzive<\/em>\u201d.<\/p>","protected":false},"excerpt":{"rendered":"<p>Mbr\u00ebmjen e djeshme, n\u00eb nj\u00eb intervist\u00eb televizive, ish-ministri i Brendsh\u00ebm Sand\u00ebr Lleshaj, ka rr\u00ebzuar pretendimet e disa qeveritar\u00ebve, se me grev\u00ebn e kontrollor\u00ebve n\u00eb Rinas u cenua siguria komb\u00ebtare.\u00a0\u201cNuk mund t\u00eb themi se siguria komb\u00ebtare rrezikohet nga tre persona. Jo! Siguria komb\u00ebtare \u00ebsht\u00eb e bazuar n\u00eb shum\u00eb kolona, dhe sado t\u00eb pres\u00ebsh nj\u00ebr\u00ebn, le q\u00eb [&hellip;]<\/p>\n","protected":false},"author":2016,"featured_media":176674,"comment_status":"closed","ping_status":"closed","sticky":false,"template":"","format":"standard","meta":{"footnotes":""},"categories":[241],"tags":[2278],"class_list":{"0":"post-176672","1":"post","2":"type-post","3":"status-publish","4":"format-standard","5":"has-post-thumbnail","7":"category-aktualitet","8":"tag-lajme-zjarr-sander-lleshaj-flet-per-kontrolloret-zjarr-tv"},"_links":{"self":[{"href":"https:\/\/zjarr.tv\/en\/wp-json\/wp\/v2\/posts\/176672","targetHints":{"allow":["GET"]}}],"collection":[{"href":"https:\/\/zjarr.tv\/en\/wp-json\/wp\/v2\/posts"}],"about":[{"href":"https:\/\/zjarr.tv\/en\/wp-json\/wp\/v2\/types\/post"}],"author":[{"embeddable":true,"href":"https:\/\/zjarr.tv\/en\/wp-json\/wp\/v2\/users\/2016"}],"replies":[{"embeddable":true,"href":"https:\/\/zjarr.tv\/en\/wp-json\/wp\/v2\/comments?post=176672"}],"version-history":[{"count":0,"href":"https:\/\/zjarr.tv\/en\/wp-json\/wp\/v2\/posts\/176672\/revisions"}],"wp:featuredmedia":[{"embeddable":true,"href":"https:\/\/zjarr.tv\/en\/wp-json\/wp\/v2\/media\/176674"}],"wp:attachment":[{"href":"https:\/\/zjarr.tv\/en\/wp-json\/wp\/v2\/media?parent=176672"}],"wp:term":[{"taxonomy":"category","embeddable":true,"href":"https:\/\/zjarr.tv\/en\/wp-json\/wp\/v2\/categories?post=176672"},{"taxonomy":"post_tag","embeddable":true,"href":"https:\/\/zjarr.tv\/en\/wp-json\/wp\/v2\/tags?post=176672"}],"curies":[{"name":"wp","href":"https:\/\/api.w.org\/{rel}","templated":true}]}}