{"id":176676,"date":"2021-04-10T09:05:35","date_gmt":"2021-04-10T07:05:35","guid":{"rendered":"https:\/\/zjarr.tv\/?p=176676"},"modified":"2021-04-10T09:08:46","modified_gmt":"2021-04-10T07:08:46","slug":"ish-ministri-saimir-tahiri-shfaqet-duke-kenduar","status":"publish","type":"post","link":"https:\/\/zjarr.tv\/en\/ish-ministri-saimir-tahiri-shfaqet-duke-kenduar\/","title":{"rendered":"Ish-ministri Sajmir Tahiri shfaqet duke k\u00ebnduar\u2026"},"content":{"rendered":"<p>Kan\u00eb kaluar muaj, q\u00eb nga koha kur ish-ministri i Brendsh\u00ebm, Sajmir Tahiri, u d\u00ebnua p\u00ebr vepr\u00ebn penale \u201cShp\u00ebrdorim detyre\u201d me 3 vite sh\u00ebrbim prove dhe m\u00eb pak muaj akoma q\u00eb kur dosja e tij penale, u kalua nga Kolegji i Gjykat\u00ebs s\u00eb Lart\u00eb p\u00ebr gjykim.<\/p>\n<p>S\u00eb fundi, n\u00eb nj\u00eb video t\u00eb publikuar n\u00eb mediat sociale, Tahiri duket duke k\u00ebnduar n\u00ebn tingujt rock, n\u00eb nj\u00eb restorant n\u00eb Baldushk. Ish-ministri, ndodhet tashm\u00eb larg politik\u00ebs, t\u00eb pakt\u00ebn deri sa t\u00eb shpallet i pafajsh\u00ebm nga gjykata, ose n\u00ebse shpallet i pafajsh\u00ebm.<\/p>\n<p>N\u00eb 21 Shkurt, Tahiri ka uruar publikisht p\u00ebr dit\u00eblindjen djalin e madh Drinin, i cili mbushi plot 10 vje\u00e7, nd\u00ebrkoh\u00eb q\u00eb shfaqeshin n\u00eb natyr\u00eb dhe t\u00eb rrethuar nga kecat.<\/p>\n<p><img loading=\"lazy\" decoding=\"async\" class=\"alignnone size-full wp-image-176678\" src=\"https:\/\/zjarr.tv\/wp-content\/uploads\/2021\/04\/tahiri.png\" alt=\"\" width=\"774\" height=\"457\" srcset=\"https:\/\/zjarr.tv\/wp-content\/uploads\/2021\/04\/tahiri.png 774w, https:\/\/zjarr.tv\/wp-content\/uploads\/2021\/04\/tahiri-300x177.png 300w, https:\/\/zjarr.tv\/wp-content\/uploads\/2021\/04\/tahiri-768x453.png 768w, https:\/\/zjarr.tv\/wp-content\/uploads\/2021\/04\/tahiri-696x411.png 696w, https:\/\/zjarr.tv\/wp-content\/uploads\/2021\/04\/tahiri-711x420.png 711w\" sizes=\"auto, (max-width: 774px) 100vw, 774px\" \/><\/p>\n<p>Sa i p\u00ebrket \u00e7\u00ebshtjes s\u00eb Tahirit, ai kishte kund\u00ebrshtuar vendimin e Apelit t\u00eb Posa\u00e7\u00ebm dh\u00ebn\u00eb m\u00eb 26 qershori t\u00eb 2020, i cili e ktheu dosjen n\u00eb ngarkim t\u00eb tij, p\u00ebr rigjykim n\u00eb Shkall\u00ebn e Par\u00eb.<\/p>\n<p>N\u00eb at\u00eb koh\u00eb, ish-ministri i brendsh\u00ebm, i k\u00ebrkoi Gjykat\u00ebs s\u00eb Lart\u00eb, t\u00eb zhb\u00ebj\u00eb vendimin e Apelit dhe t\u00eb pushoj\u00eb \u00e7\u00ebshtjen ndaj tij.<\/p>\n<p>&nbsp;<\/p>\n<p>&nbsp;<\/p>\n<p>&nbsp;<\/p>\n<h1><\/h1>\n<h1><\/h1>\n<h1><\/h1>\n<h1><\/h1>\n<h1><\/h1>\n<h1><\/h1>\n<p>&nbsp;<\/p>","protected":false},"excerpt":{"rendered":"<p>Kan\u00eb kaluar muaj, q\u00eb nga koha kur ish-ministri i Brendsh\u00ebm, Sajmir Tahiri, u d\u00ebnua p\u00ebr vepr\u00ebn penale \u201cShp\u00ebrdorim detyre\u201d me 3 vite sh\u00ebrbim prove dhe m\u00eb pak muaj akoma q\u00eb kur dosja e tij penale, u kalua nga Kolegji i Gjykat\u00ebs s\u00eb Lart\u00eb p\u00ebr gjykim. S\u00eb fundi, n\u00eb nj\u00eb video t\u00eb publikuar n\u00eb mediat sociale, [&hellip;]<\/p>\n","protected":false},"author":2016,"featured_media":176681,"comment_status":"closed","ping_status":"closed","sticky":false,"template":"","format":"standard","meta":{"footnotes":""},"categories":[241],"tags":[2279],"class_list":{"0":"post-176676","1":"post","2":"type-post","3":"status-publish","4":"format-standard","5":"has-post-thumbnail","7":"category-aktualitet","8":"tag-lajme-zjarr-saimir-tahiri-shfaqet-duke-kenduar-zjarr-tv"},"_links":{"self":[{"href":"https:\/\/zjarr.tv\/en\/wp-json\/wp\/v2\/posts\/176676","targetHints":{"allow":["GET"]}}],"collection":[{"href":"https:\/\/zjarr.tv\/en\/wp-json\/wp\/v2\/posts"}],"about":[{"href":"https:\/\/zjarr.tv\/en\/wp-json\/wp\/v2\/types\/post"}],"author":[{"embeddable":true,"href":"https:\/\/zjarr.tv\/en\/wp-json\/wp\/v2\/users\/2016"}],"replies":[{"embeddable":true,"href":"https:\/\/zjarr.tv\/en\/wp-json\/wp\/v2\/comments?post=176676"}],"version-history":[{"count":0,"href":"https:\/\/zjarr.tv\/en\/wp-json\/wp\/v2\/posts\/176676\/revisions"}],"wp:featuredmedia":[{"embeddable":true,"href":"https:\/\/zjarr.tv\/en\/wp-json\/wp\/v2\/media\/176681"}],"wp:attachment":[{"href":"https:\/\/zjarr.tv\/en\/wp-json\/wp\/v2\/media?parent=176676"}],"wp:term":[{"taxonomy":"category","embeddable":true,"href":"https:\/\/zjarr.tv\/en\/wp-json\/wp\/v2\/categories?post=176676"},{"taxonomy":"post_tag","embeddable":true,"href":"https:\/\/zjarr.tv\/en\/wp-json\/wp\/v2\/tags?post=176676"}],"curies":[{"name":"wp","href":"https:\/\/api.w.org\/{rel}","templated":true}]}}