{"id":176683,"date":"2021-04-10T09:26:03","date_gmt":"2021-04-10T07:26:03","guid":{"rendered":"https:\/\/zjarr.tv\/?p=176683"},"modified":"2021-04-10T09:28:07","modified_gmt":"2021-04-10T07:28:07","slug":"ka-nisur-seanca-ne-gjykate-per-3-kontrolloret-ja-cfare-ka-kerkuar-prokuroria","status":"publish","type":"post","link":"https:\/\/zjarr.tv\/en\/ka-nisur-seanca-ne-gjykate-per-3-kontrolloret-ja-cfare-ka-kerkuar-prokuroria\/","title":{"rendered":"Ka nisur seanca n\u00eb Gjykat\u00eb p\u00ebr 3 kontrollor\u00ebt\/ Ja \u00e7far\u00eb ka k\u00ebrkuar prokuroria\u2026"},"content":{"rendered":"<p>N\u00eb Gjykat\u00ebn e Tiran\u00ebs, ka nisur seanca ndaj tre kontrolloreve, Flora Ndreca, Armando Fezga dhe Muhin Mezini. Prokuroria e Tiran\u00ebs, d\u00ebrgoi n\u00eb gjykat\u00eb k\u00ebrkes\u00ebn ndaj tre kontrollot\u00ebve, ku ndaj Flora Ndrec\u00ebs, ka k\u00ebrkuar mas\u00ebn arrest sht\u00ebpie, nd\u00ebrsa dy t\u00eb tjer\u00ebt, at\u00eb t\u00eb arrestit me burg. Ndaj tyre, prokuroria ka ngritur akuz\u00ebn e shp\u00ebrdorimit t\u00eb detyr\u00ebs kryer n\u00eb bashkepunim. K\u00ebrkesa do shqyrtohet nga gjyqtari Arben Mica, nd\u00ebrsa akuza p\u00ebrfaqsohet nga prokuror\u00ebt Marjeta Zaimi dhe Lidina Riza. \u00cbsht\u00eb zbardhur dje dosja e plot\u00eb e Prokuroris\u00eb, ku shihet debati i ashp\u00ebr mes Flora Ndrecajt, e cila vazhdon t\u00eb q\u00ebndroj\u00eb n\u00eb burg, dhe Kujtim Malkos.<\/p>\n<p>Prokuroria pretendon se personat e arrestuar, kan\u00eb ndikuar te koleg\u00ebt e tyre n\u00eb m\u00ebnyr\u00eb q\u00eb dhe ata t\u00eb shpallnin paaft\u00ebsin\u00eb e p\u00ebrkohshme p\u00ebr pun\u00eb. Kjo shpallje e p\u00ebrkohshme e paaft\u00ebsis\u00eb, nga ana e kontrollor\u00ebve \u00e7oi n\u00eb pezullimin e fluturimeve p\u00ebr dy dit\u00eb nga Rinasi, nd\u00ebrsa tashm\u00eb situata duket t\u00eb jet\u00eb kthyer n\u00eb nj\u00ebfare normaliteti, me rikthimin n\u00eb pun\u00eb t\u00eb disa prej punonj\u00ebsve t\u00eb Albcontroll. Kjo mosmarr\u00ebveshje mes kontrollor\u00ebve dhe qeveris\u00eb, kan\u00eb nisur pas uljes s\u00eb pagave t\u00eb kontrollor\u00ebve me rreth 60%, me pretendimin e pandemis\u00eb, n\u00eb nj\u00eb koh\u00eb q\u00eb kompania Albcontroll ka zhvilluar nj\u00eb s\u00ebr\u00eb tenderash. <em>\u201cKujtimi desh m\u00eb hodhi nga shkall\u00ebt, m\u00eb shtyu, nuk flitet me at\u00eb\u201d,<\/em> lexohet n\u00eb mesazhin q\u00eb Flora Ndreca, i ka shkruar kolegut t\u00eb saj Florjan Qirjako.<\/p>\n<p>N\u00eb dokumentin e Prokuroris\u00eb, thuhet se nga deklarimet e dh\u00ebna prej tyre rezulton se plot\u00ebsimi i deklarat\u00ebs s\u00eb paaft\u00ebsis\u00eb t\u00eb perkohshme, \u00ebsht\u00eb k\u00ebrkuar nga drejtuesit e Sindikat\u00ebs s\u00eb Kontrollor\u00ebve t\u00eb Trafikut Ajror, shtetasit Flora Ndreca dhe Muhin Mezini.<\/p>\n<p>Nd\u00ebr t\u00eb tjera, n\u00eb dokument \u00ebsht\u00eb zbardhur dhe d\u00ebshmia e shtetasit Kujtim Malko, i cili ka refuzuar fillimisht t\u00eb firmoste paaft\u00ebsin\u00eb e p\u00ebrkohshme.<\/p>\n<p><em>\u201cN\u00eb dat\u00eb 06.04.2021 kam marr\u00eb nj\u00eb telefonat\u00eb nga kolegia Flora Ndreca p\u00ebr t\u2019u ngjitur n\u00eb kull\u00eb. Jam ngjitur n\u00eb kull\u00eb dhe kam gjetur Flora Ndrec\u00ebn, Ermir Begon dhe Majnald Kodr\u00ebn. Shtet\u00ebsja Flora Ndreca m\u00eb ka pyetur \u00e7far\u00eb do t\u00eb b\u00ebja me plot\u00ebsimin e formularit t\u00eb paaft\u00ebsis\u00eb. Un\u00eb i kam th\u00ebn\u00eb se nuk do ta plot\u00ebsoj. M\u00eb ka py\u00ebtur p\u00ebrse nuk e plot\u00ebsoj.. Un\u00eb i kam th\u00ebn\u00eb se kjo \u00ebsht\u00eb puna ime. Debati p\u00ebr plot\u00ebsimin e formularit ka vazhduar p\u00ebr disa minuta dhe p\u00ebrshkak se nuk lejohet debati n\u00eb vendin e pun\u00ebs, un\u00eb i kam k\u00ebrkuar q\u00eb t\u00eb largohet nga kulla. N\u00eb k\u00ebt\u00eb moment ajo m\u00eb \u00ebsht\u00eb drejtuar duke m\u00eb th\u00ebn\u00eb ti nuk je burr\u00eb. N\u00eb k\u00ebt\u00eb moment i jam p\u00ebrgjigjur zbrit nga kulla, se p\u00ebrndryshe do t\u00eb hedh,\u201d<\/em> thuhet nd\u00ebr t\u00eb tjera n\u00eb dokument. M\u00eb her\u00ebt eshte zbardhur t\u00eb plot\u00eb d\u00ebshmit\u00eb e kontrollores Flora Ndreca, e cila mbahet e ndalur prej pothuajse dy dit\u00ebsh, pas situat\u00ebs s\u00eb krijuar n\u00eb Rinas, ku si pasoj\u00eb e paaft\u00ebsis\u00eb t\u00eb p\u00ebrkohshme q\u00eb shpall\u00ebn nj\u00eb pjes\u00eb e mir\u00eb e punonj\u00ebsve t\u00eb Albcontroll, i nd\u00ebrpren\u00eb fluturimet p\u00ebr 2 dit\u00eb.<\/p>\n<p>Ndreca, ka sqaruar t\u00eb gjith\u00eb dinamik\u00ebn e krijuar dhe si ajo dhe kat\u00ebr koleg\u00eb t\u00eb saj jan\u00eb shkarkuar nga puna, vet\u00ebm p\u00ebr shkak se shpall\u00ebn gjendjen e paaft\u00ebsis\u00eb s\u00eb p\u00ebrkohshme p\u00ebr pun\u00eb. Ndreca pyetet dhe n\u00ebse ka ndikuar te koleg\u00eb t\u00eb tjer\u00eb, por edhe se me k\u00eb shoq\u00ebrohej n\u00eb takimin q\u00eb ka pasur me Presidentin Meta.<\/p>\n<p>&nbsp;<\/p>\n<p>&nbsp;<\/p>\n<p>&nbsp;<\/p>\n<h1><\/h1>\n<h1><\/h1>\n<h1><\/h1>\n<h1><\/h1>\n<h1><\/h1>\n<h1><\/h1>\n<p>&nbsp;<\/p>","protected":false},"excerpt":{"rendered":"<p>N\u00eb Gjykat\u00ebn e Tiran\u00ebs, ka nisur seanca ndaj tre kontrolloreve, Flora Ndreca, Armando Fezga dhe Muhin Mezini. Prokuroria e Tiran\u00ebs, d\u00ebrgoi n\u00eb gjykat\u00eb k\u00ebrkes\u00ebn ndaj tre kontrollot\u00ebve, ku ndaj Flora Ndrec\u00ebs, ka k\u00ebrkuar mas\u00ebn arrest sht\u00ebpie, nd\u00ebrsa dy t\u00eb tjer\u00ebt, at\u00eb t\u00eb arrestit me burg. Ndaj tyre, prokuroria ka ngritur akuz\u00ebn e shp\u00ebrdorimit t\u00eb detyr\u00ebs [&hellip;]<\/p>\n","protected":false},"author":2016,"featured_media":176685,"comment_status":"closed","ping_status":"closed","sticky":false,"template":"","format":"standard","meta":{"footnotes":""},"categories":[241,231],"tags":[2280],"class_list":{"0":"post-176683","1":"post","2":"type-post","3":"status-publish","4":"format-standard","5":"has-post-thumbnail","7":"category-aktualitet","8":"category-lajme","9":"tag-lajme-zjarr-nis-seanca-ne-gjykate-per-3-kontrolloret-zjarr-tv"},"_links":{"self":[{"href":"https:\/\/zjarr.tv\/en\/wp-json\/wp\/v2\/posts\/176683","targetHints":{"allow":["GET"]}}],"collection":[{"href":"https:\/\/zjarr.tv\/en\/wp-json\/wp\/v2\/posts"}],"about":[{"href":"https:\/\/zjarr.tv\/en\/wp-json\/wp\/v2\/types\/post"}],"author":[{"embeddable":true,"href":"https:\/\/zjarr.tv\/en\/wp-json\/wp\/v2\/users\/2016"}],"replies":[{"embeddable":true,"href":"https:\/\/zjarr.tv\/en\/wp-json\/wp\/v2\/comments?post=176683"}],"version-history":[{"count":0,"href":"https:\/\/zjarr.tv\/en\/wp-json\/wp\/v2\/posts\/176683\/revisions"}],"wp:featuredmedia":[{"embeddable":true,"href":"https:\/\/zjarr.tv\/en\/wp-json\/wp\/v2\/media\/176685"}],"wp:attachment":[{"href":"https:\/\/zjarr.tv\/en\/wp-json\/wp\/v2\/media?parent=176683"}],"wp:term":[{"taxonomy":"category","embeddable":true,"href":"https:\/\/zjarr.tv\/en\/wp-json\/wp\/v2\/categories?post=176683"},{"taxonomy":"post_tag","embeddable":true,"href":"https:\/\/zjarr.tv\/en\/wp-json\/wp\/v2\/tags?post=176683"}],"curies":[{"name":"wp","href":"https:\/\/api.w.org\/{rel}","templated":true}]}}