{"id":176686,"date":"2021-04-10T09:40:37","date_gmt":"2021-04-10T07:40:37","guid":{"rendered":"https:\/\/zjarr.tv\/?p=176686"},"modified":"2021-04-10T09:42:53","modified_gmt":"2021-04-10T07:42:53","slug":"vangjel-tavo-denoncon-rilindja-ka-mbushur-magazinat-e-zjarrfikesve-me-ushqime-per-ti-shperndare-ne-shkembim-te-votes","status":"publish","type":"post","link":"https:\/\/zjarr.tv\/en\/vangjel-tavo-denoncon-rilindja-ka-mbushur-magazinat-e-zjarrfikesve-me-ushqime-per-ti-shperndare-ne-shkembim-te-votes\/","title":{"rendered":"Vangjel Tavo denoncon: Rilindja ka mbushur magazinat e Zjarrfik\u00ebsve me ushqime p\u00ebr t\u2019i shp\u00ebrndar\u00eb n\u00eb shk\u00ebmbim t\u00eb votes(Foto)"},"content":{"rendered":"<p>Kandidati p\u00ebr deputet i LSI-s\u00eb n\u00eb qarkun e Gjirokastr\u00ebs, Vangjel Tavo, ka denoncuar at\u00eb rastin, ku magazinat e drejtoris\u00eb s\u00eb zjarrfik\u00ebsve, jan\u00eb mbushur me tonelata ushqimesh, q\u00eb do u shp\u00ebrndahen qytetar\u00ebve, n\u00eb k\u00ebmbim t\u00eb vot\u00ebs. Tavo, thot\u00eb se ky \u00ebsht\u00eb nj\u00eb akt penal, p\u00ebr t\u00eb cilin duhet t\u00eb p\u00ebrgjigjen t\u00eb gjitha institucionet e p\u00ebrfshira, qoft\u00eb n\u00eb pushtetin lokal, qoft\u00eb n\u00eb at\u00eb q\u00ebndror.<\/p>\n<p>\u201cK\u00ebto prova ua kam paraqitur zyr\u00ebs s\u00eb OSBE\/ ODIHR ambasad\u00ebs s\u00eb SHBA, Britanis\u00eb s\u00eb Madhe, Gjermane, Franceze, Holandeze, etj, si edhe \u00ebsht\u00eb d\u00ebrguar si denoncim n\u00eb portalin \u201cMbroje Vot\u00ebn\u201d n\u00eb faqjen zyrtare t\u00eb Presidentit t\u00eb Republik\u00ebs\u201d, shkruan mes t\u00eb tjerave Tavo.<\/p>\n<p><strong>Postimi i plot\u00eb i kandidatit p\u00ebr deputet:<\/strong><\/p>\n<p><em>MEGA SKANDAL\/ \u201cRilindja\u201d ka mbushur magazinat e Drejtoris\u00eb s\u00eb Zjarrfik\u00ebsve n\u00eb Gjirokast\u00ebr me tonelata ushqime p\u00ebr t\u2019i shp\u00ebrndar\u00eb tek banor\u00ebt n\u00eb shk\u00ebmbim t\u00eb vot\u00ebs.<\/em><em>Ja prova e skemave p\u00ebr blerjen e vot\u00ebs dhe manipulimin e zgjedhjeve nga \u201cRilindja.\u201d<\/em><em>Shikoni tonelatat me ushqime (sheqer, miell, makarona, kova salc\u00eb kosi, etj). <\/em><em>N\u00eb k\u00ebt\u00eb akt penal jan\u00eb t\u00eb p\u00ebrfshira t\u00eb gjitha institucionet shtet\u00ebrore, si t\u00eb pushtetit qendror ashtu edhe atij vendor. <\/em><em>Kan\u00eb nxjerr\u00eb zjarrfik\u00ebset jasht\u00eb p\u00ebr t\u00eb mbushur magazinat me tonelata ushqime n\u00eb k\u00ebmbim t\u00eb vot\u00ebs. <\/em><em>Ky skandal d\u00ebshmon p\u00ebrfshirjen e t\u00eb gjith\u00eb aparatit shtet\u00ebror n\u00eb hartimin dhe zbatimin e k\u00ebtij plani anti-ligjor, korruptiv, dhe anti-demokratik, p\u00ebr t\u00eb cilin un\u00eb personalisht do b\u00ebj nj\u00eb kall\u00ebzim n\u00eb prokurori. <\/em><em>K\u00ebto prova ua kam paraqitur zyr\u00ebs s\u00eb OSBE\/ ODIHR ambasad\u00ebs s\u00eb SHBA, Britanis\u00eb s\u00eb Madhe, Gjermane, Franceze, Holandeze, etj, si edhe \u00ebsht\u00eb d\u00ebrguar si denoncim n\u00eb portalin \u201cMbroje Vot\u00ebn\u201d n\u00eb faqjen zyrtare t\u00eb Presidentit t\u00eb Republik\u00ebs.<\/em><\/p>\n<p><em>U k\u00ebrkoj organeve ligjzbatuese t\u00eb kryejn\u00eb detyr\u00ebn e tyre funksionale.<\/em><em>T\u00eb veproj\u00eb urgjentisht prokuroria q\u00eb t\u00eb mos preken provat nga shkel\u00ebsit. <\/em><em>U b\u00ebj thirrje medias t\u00eb shkoj\u00eb urgjentisht n\u00eb vendndodhje dhe t\u2019i paraqis\u00eb mbar\u00eb publikut pamjet e plota t\u00eb k\u00ebtij skandali t\u00eb madh. <\/em><em>Kjo \u00ebsht\u00eb \u201cRilindja&#8221;! <\/em><em>E vendosur gjer n\u00eb fund t\u00eb p\u00ebrdor\u00eb \u00e7do m\u00ebnyr\u00eb t\u00eb paligjshme dhe t\u00eb turpshme p\u00ebr t\u00eb ruajtur pushtetin.<\/em><\/p>\n<p><em>Aspak e interesuar p\u00ebr zgjedhje t\u00eb lira dhe demokratike, aspak e shqet\u00ebsuar se BE pret zgjedhje me standarde dhe demokratike si kusht p\u00ebr procesin e integrimit, aspak e interesuar n\u00eb vullnetin e lir\u00eb t\u00eb banor\u00ebve t\u00eb qarkut t\u00eb Gjirokast\u00ebr por zgjedh t\u2019i fyej\u00eb ata me k\u00ebto skema skandaloze. <\/em><em>Shfryt\u00ebzon varf\u00ebrin\u00eb e njer\u00ebzve p\u00ebr t\u2019u bler\u00eb vot\u00ebn me ushqime. Varf\u00ebri q\u00eb e ka shkaktuar vet\u00eb. <\/em><em>Turp t\u00eb keni, \u00c7u\u00e7i e me shok\u00eb q\u00eb p\u00ebrdorni skema t\u00eb tilla. <\/em><em>Largimi i \u201cRilindjes\u201d \u00ebsht\u00eb largimi i nj\u00eb t\u00eb keqe dhe paturp\u00ebsie t\u00eb madhe. <\/em><em>Si nj\u00eb qark fisnik, plot vlera, krenar dhe me integritet t\u00eb lart\u00eb, ta shporrim nj\u00eb her\u00eb e p\u00ebrgjithmon\u00eb k\u00ebt\u00eb sekt t\u00eb pavler\u00eb, t\u00eb ul\u00ebt dhe t\u00eb zhytur kok\u00eb e k\u00ebmb\u00eb n\u00eb paligjshm\u00ebri.<\/em><\/p>\n<p><img loading=\"lazy\" decoding=\"async\" class=\"alignnone size-full wp-image-176689\" src=\"https:\/\/zjarr.tv\/wp-content\/uploads\/2021\/04\/Tavo-denoncon.jpg\" alt=\"\" width=\"940\" height=\"788\" srcset=\"https:\/\/zjarr.tv\/wp-content\/uploads\/2021\/04\/Tavo-denoncon.jpg 940w, https:\/\/zjarr.tv\/wp-content\/uploads\/2021\/04\/Tavo-denoncon-300x251.jpg 300w, https:\/\/zjarr.tv\/wp-content\/uploads\/2021\/04\/Tavo-denoncon-768x644.jpg 768w, https:\/\/zjarr.tv\/wp-content\/uploads\/2021\/04\/Tavo-denoncon-696x583.jpg 696w, https:\/\/zjarr.tv\/wp-content\/uploads\/2021\/04\/Tavo-denoncon-501x420.jpg 501w\" sizes=\"auto, (max-width: 940px) 100vw, 940px\" \/><\/p>\n<p>&nbsp;<\/p>","protected":false},"excerpt":{"rendered":"<p>Kandidati p\u00ebr deputet i LSI-s\u00eb n\u00eb qarkun e Gjirokastr\u00ebs, Vangjel Tavo, ka denoncuar at\u00eb rastin, ku magazinat e drejtoris\u00eb s\u00eb zjarrfik\u00ebsve, jan\u00eb mbushur me tonelata ushqimesh, q\u00eb do u shp\u00ebrndahen qytetar\u00ebve, n\u00eb k\u00ebmbim t\u00eb vot\u00ebs. Tavo, thot\u00eb se ky \u00ebsht\u00eb nj\u00eb akt penal, p\u00ebr t\u00eb cilin duhet t\u00eb p\u00ebrgjigjen t\u00eb gjitha institucionet e p\u00ebrfshira, qoft\u00eb [&hellip;]<\/p>\n","protected":false},"author":2016,"featured_media":176688,"comment_status":"closed","ping_status":"closed","sticky":false,"template":"","format":"standard","meta":{"footnotes":""},"categories":[241,231],"tags":[2281],"class_list":{"0":"post-176686","1":"post","2":"type-post","3":"status-publish","4":"format-standard","5":"has-post-thumbnail","7":"category-aktualitet","8":"category-lajme","9":"tag-lajme-zjarr-vangjel-tavo-denoncon-zjarr-tv"},"_links":{"self":[{"href":"https:\/\/zjarr.tv\/en\/wp-json\/wp\/v2\/posts\/176686","targetHints":{"allow":["GET"]}}],"collection":[{"href":"https:\/\/zjarr.tv\/en\/wp-json\/wp\/v2\/posts"}],"about":[{"href":"https:\/\/zjarr.tv\/en\/wp-json\/wp\/v2\/types\/post"}],"author":[{"embeddable":true,"href":"https:\/\/zjarr.tv\/en\/wp-json\/wp\/v2\/users\/2016"}],"replies":[{"embeddable":true,"href":"https:\/\/zjarr.tv\/en\/wp-json\/wp\/v2\/comments?post=176686"}],"version-history":[{"count":0,"href":"https:\/\/zjarr.tv\/en\/wp-json\/wp\/v2\/posts\/176686\/revisions"}],"wp:featuredmedia":[{"embeddable":true,"href":"https:\/\/zjarr.tv\/en\/wp-json\/wp\/v2\/media\/176688"}],"wp:attachment":[{"href":"https:\/\/zjarr.tv\/en\/wp-json\/wp\/v2\/media?parent=176686"}],"wp:term":[{"taxonomy":"category","embeddable":true,"href":"https:\/\/zjarr.tv\/en\/wp-json\/wp\/v2\/categories?post=176686"},{"taxonomy":"post_tag","embeddable":true,"href":"https:\/\/zjarr.tv\/en\/wp-json\/wp\/v2\/tags?post=176686"}],"curies":[{"name":"wp","href":"https:\/\/api.w.org\/{rel}","templated":true}]}}