{"id":176692,"date":"2021-04-10T10:11:04","date_gmt":"2021-04-10T08:11:04","guid":{"rendered":"https:\/\/zjarr.tv\/?p=176692"},"modified":"2021-04-10T10:11:41","modified_gmt":"2021-04-10T08:11:41","slug":"elisa-spiropali-investimet-ne-infrastrukturen-arsimore-ne-paskuqan-jane-deshmi-te-punes-dhe-perpjekjeve-tona","status":"publish","type":"post","link":"https:\/\/zjarr.tv\/en\/elisa-spiropali-investimet-ne-infrastrukturen-arsimore-ne-paskuqan-jane-deshmi-te-punes-dhe-perpjekjeve-tona\/","title":{"rendered":"Elisa Spiropali: Investimet n\u00eb Paskuqan, jan\u00eb d\u00ebshmi t\u00eb pun\u00ebs dhe p\u00ebrpjekjeve tona\u2026"},"content":{"rendered":"<p>Ministrja Elisa Spiropali, me an\u00eb t\u00eb nj\u00eb postimi n\u00eb rrjetin social Facebook, \u00ebsht\u00eb shprehur se investimet dhe infrastruktura arsimore n\u00eb Paskuqan, jan\u00eb d\u00ebshmi t\u00eb pun\u00ebs dhe p\u00ebrpjekjeve tona, se si \u00ebsht\u00eb tranformuar infrastruktura arsimore, n\u00eb Bashkin\u00eb e Kamz\u00ebs. Gjithashtu, Spiropali shprehet se lagjet dhe oborret e k\u00ebsaj zone, sipas saj po ndryshojn\u00eb \u00e7do dit\u00eb. \u201c<em>Lagje m\u00eb lagje, oborr m\u00eb oborr, n\u00eb Paskuqanin q\u00eb po ndryshon p\u00ebrdit\u00eb. Me njer\u00ebzit p\u00ebr njer\u00ebzit\u201d<\/em>.<\/p>\n<p>\u201c<em>Lagje m\u00eb lagje, oborr m\u00eb oborr, n\u00eb Paskuqanin q\u00eb po ndryshon p\u00ebrdit\u00eb. Me njer\u00ebzit p\u00ebr njer\u00ebzit. <\/em><\/p>\n<p><em>Investimet n\u00eb infrastruktur\u00ebn arsimore, kopshti simbol i Paskuqanit, shkolla \u201cJashar Hoxha\u201d dhe \u201cTahir Sinani\u201d, jan\u00eb vet\u00ebm disa prej d\u00ebshmive t\u00eb p\u00ebrpjekjeve tona p\u00ebr t\u00eb transformuar infrastruktur\u00ebn arsimore t\u00eb bashkis\u00eb Kam\u00ebz n\u00eb m\u00eb t\u00eb mir\u00ebn n\u00eb Republik\u00eb\u201d, k\u00ebshtu shkruan Elisa Spiropali<\/em>\u201d.<\/p>\n<p>&nbsp;<\/p>\n<p>&nbsp;<\/p>","protected":false},"excerpt":{"rendered":"<p>Ministrja Elisa Spiropali, me an\u00eb t\u00eb nj\u00eb postimi n\u00eb rrjetin social Facebook, \u00ebsht\u00eb shprehur se investimet dhe infrastruktura arsimore n\u00eb Paskuqan, jan\u00eb d\u00ebshmi t\u00eb pun\u00ebs dhe p\u00ebrpjekjeve tona, se si \u00ebsht\u00eb tranformuar infrastruktura arsimore, n\u00eb Bashkin\u00eb e Kamz\u00ebs. Gjithashtu, Spiropali shprehet se lagjet dhe oborret e k\u00ebsaj zone, sipas saj po ndryshojn\u00eb \u00e7do dit\u00eb. \u201cLagje [&hellip;]<\/p>\n","protected":false},"author":2016,"featured_media":176694,"comment_status":"closed","ping_status":"closed","sticky":false,"template":"","format":"standard","meta":{"footnotes":""},"categories":[241,1454],"tags":[2282],"class_list":{"0":"post-176692","1":"post","2":"type-post","3":"status-publish","4":"format-standard","5":"has-post-thumbnail","7":"category-aktualitet","8":"category-politike","9":"tag-lajme-zjarr-spiropali-investimet-tona-jane-deshmi-zjarr-tv"},"_links":{"self":[{"href":"https:\/\/zjarr.tv\/en\/wp-json\/wp\/v2\/posts\/176692","targetHints":{"allow":["GET"]}}],"collection":[{"href":"https:\/\/zjarr.tv\/en\/wp-json\/wp\/v2\/posts"}],"about":[{"href":"https:\/\/zjarr.tv\/en\/wp-json\/wp\/v2\/types\/post"}],"author":[{"embeddable":true,"href":"https:\/\/zjarr.tv\/en\/wp-json\/wp\/v2\/users\/2016"}],"replies":[{"embeddable":true,"href":"https:\/\/zjarr.tv\/en\/wp-json\/wp\/v2\/comments?post=176692"}],"version-history":[{"count":0,"href":"https:\/\/zjarr.tv\/en\/wp-json\/wp\/v2\/posts\/176692\/revisions"}],"wp:featuredmedia":[{"embeddable":true,"href":"https:\/\/zjarr.tv\/en\/wp-json\/wp\/v2\/media\/176694"}],"wp:attachment":[{"href":"https:\/\/zjarr.tv\/en\/wp-json\/wp\/v2\/media?parent=176692"}],"wp:term":[{"taxonomy":"category","embeddable":true,"href":"https:\/\/zjarr.tv\/en\/wp-json\/wp\/v2\/categories?post=176692"},{"taxonomy":"post_tag","embeddable":true,"href":"https:\/\/zjarr.tv\/en\/wp-json\/wp\/v2\/tags?post=176692"}],"curies":[{"name":"wp","href":"https:\/\/api.w.org\/{rel}","templated":true}]}}