{"id":176697,"date":"2021-04-10T10:18:55","date_gmt":"2021-04-10T08:18:55","guid":{"rendered":"https:\/\/zjarr.tv\/?p=176697"},"modified":"2021-04-10T10:19:42","modified_gmt":"2021-04-10T08:19:42","slug":"erion-brace-ne-nuk-marrim-asnje-takse-ne-fshat-per-te-ardhurat-e-bujkut-per-cfare-e-duan-pushtetin-pd-lsi","status":"publish","type":"post","link":"https:\/\/zjarr.tv\/en\/erion-brace-ne-nuk-marrim-asnje-takse-ne-fshat-per-te-ardhurat-e-bujkut-per-cfare-e-duan-pushtetin-pd-lsi\/","title":{"rendered":"Erion Bra\u00e7e: Ne nuk marrim asnj\u00eb taks\u00eb n\u00eb fshat p\u00ebr t\u00eb ardhurat e bujkut, p\u00ebr \u00e7far\u00eb e duan pushtetin PD-LSI\u2026"},"content":{"rendered":"<p style=\"margin-top: 0in; background: white;\"><span style=\"color: #212529;\">Zv\/kryeministri Erion Bra\u00e7e, ka shkruar me an\u00eb t\u00eb nj\u00eb statusi n\u00eb rrjetet sociale, se kund\u00ebrshtar\u00ebt politik\u00eb t\u00eb socialist\u00ebve, PD-LSI duan t\u00eb vijn\u00eb n\u00eb pushtet p\u00ebr t\u00eb vjedhur. Ai thot\u00eb se PS, nuk merr asnj\u00eb tatim dhe asnj\u00eb taks\u00eb n\u00eb fshat, nd\u00ebrsa PD dhe LSI duan ta b\u00ebjn\u00eb 9%.<\/span><\/p>\n<p style=\"margin-top: 0in; background: white; box-sizing: border-box; margin-bottom: 1rem; font-variant-ligatures: normal; font-variant-caps: normal; orphans: 2; widows: 2; -webkit-text-stroke-width: 0px; text-decoration-thickness: initial; text-decoration-style: initial; text-decoration-color: initial; word-spacing: 0px;\"><em style=\"box-sizing: border-box;\"><span style=\"color: #212529;\">\u201cNe, sot,nuk marrim asnje tatim e takse ne fshat, zeeeeerooooo! As per punen me token, me serat, blegtorine; As per te ardhurat e bujkut per kete pune!<\/span><\/em><\/p>\n<p style=\"margin-top: 0in; background: white; box-sizing: border-box; margin-bottom: 1rem; font-variant-ligatures: normal; font-variant-caps: normal; orphans: 2; widows: 2; -webkit-text-stroke-width: 0px; text-decoration-thickness: initial; text-decoration-style: initial; text-decoration-color: initial; word-spacing: 0px;\"><em style=\"box-sizing: border-box;\"><span style=\"color: #212529;\">Zeeeeerooooo! Ka gje pertej zeros? Joooo! Atehere per cfare e duan pushtetin PDLSI! E para, per te vjedhur! E dyta, per ti marre edhe bujkut 9% TATIM! Pra, NE E KEMI ZERO! ATA DO E BEJNE 9%! Mos e harro kete!\u201d<\/span><\/em><span style=\"color: #212529;\">, ka shkruar Erion Bra\u00e7e<\/span><\/p>","protected":false},"excerpt":{"rendered":"<p>Zv\/kryeministri Erion Bra\u00e7e, ka shkruar me an\u00eb t\u00eb nj\u00eb statusi n\u00eb rrjetet sociale, se kund\u00ebrshtar\u00ebt politik\u00eb t\u00eb socialist\u00ebve, PD-LSI duan t\u00eb vijn\u00eb n\u00eb pushtet p\u00ebr t\u00eb vjedhur. Ai thot\u00eb se PS, nuk merr asnj\u00eb tatim dhe asnj\u00eb taks\u00eb n\u00eb fshat, nd\u00ebrsa PD dhe LSI duan ta b\u00ebjn\u00eb 9%. \u201cNe, sot,nuk marrim asnje tatim e takse [&hellip;]<\/p>\n","protected":false},"author":2016,"featured_media":176699,"comment_status":"closed","ping_status":"closed","sticky":false,"template":"","format":"standard","meta":{"footnotes":""},"categories":[241],"tags":[2283],"class_list":{"0":"post-176697","1":"post","2":"type-post","3":"status-publish","4":"format-standard","5":"has-post-thumbnail","7":"category-aktualitet","8":"tag-lajme-zjarr-brace-ne-nuk-marrim-asnje-takse-ne-fshat-zjarr-tv"},"_links":{"self":[{"href":"https:\/\/zjarr.tv\/en\/wp-json\/wp\/v2\/posts\/176697","targetHints":{"allow":["GET"]}}],"collection":[{"href":"https:\/\/zjarr.tv\/en\/wp-json\/wp\/v2\/posts"}],"about":[{"href":"https:\/\/zjarr.tv\/en\/wp-json\/wp\/v2\/types\/post"}],"author":[{"embeddable":true,"href":"https:\/\/zjarr.tv\/en\/wp-json\/wp\/v2\/users\/2016"}],"replies":[{"embeddable":true,"href":"https:\/\/zjarr.tv\/en\/wp-json\/wp\/v2\/comments?post=176697"}],"version-history":[{"count":0,"href":"https:\/\/zjarr.tv\/en\/wp-json\/wp\/v2\/posts\/176697\/revisions"}],"wp:featuredmedia":[{"embeddable":true,"href":"https:\/\/zjarr.tv\/en\/wp-json\/wp\/v2\/media\/176699"}],"wp:attachment":[{"href":"https:\/\/zjarr.tv\/en\/wp-json\/wp\/v2\/media?parent=176697"}],"wp:term":[{"taxonomy":"category","embeddable":true,"href":"https:\/\/zjarr.tv\/en\/wp-json\/wp\/v2\/categories?post=176697"},{"taxonomy":"post_tag","embeddable":true,"href":"https:\/\/zjarr.tv\/en\/wp-json\/wp\/v2\/tags?post=176697"}],"curies":[{"name":"wp","href":"https:\/\/api.w.org\/{rel}","templated":true}]}}