{"id":176700,"date":"2021-04-10T10:25:07","date_gmt":"2021-04-10T08:25:07","guid":{"rendered":"https:\/\/zjarr.tv\/?p=176700"},"modified":"2021-04-10T10:25:07","modified_gmt":"2021-04-10T08:25:07","slug":"lulzim-basha-rama-smbajti-premtimet-per-punesimet-ne-administrate-numri-u-rrit-per-qellime-elektorale","status":"publish","type":"post","link":"https:\/\/zjarr.tv\/en\/lulzim-basha-rama-smbajti-premtimet-per-punesimet-ne-administrate-numri-u-rrit-per-qellime-elektorale\/","title":{"rendered":"Lulzim Basha: Rama s\u2019mbajti premtimet p\u00ebr pun\u00ebsimet n\u00eb administrat\u00eb, numri u rrit p\u00ebr q\u00ebllime elektorale\u2026"},"content":{"rendered":"<p style=\"margin-top: 0in; background: white;\"><span style=\"color: #212529;\">Lideri demokrat Lulzim Basha, e ka nisur dit\u00ebn me nj\u00eb akuz\u00eb p\u00ebr kreun e qeveris\u00eb Edi Rama. Basha thot\u00eb se Rama premtoi administrat\u00eb publike me num\u00ebr t\u00eb vog\u00ebl punonj\u00ebsish, por nuk e ka mbajtur k\u00ebt\u00eb premtim.<\/span><\/p>\n<p style=\"margin-top: 0in; background: white; box-sizing: border-box; margin-bottom: 1rem; font-variant-ligatures: normal; font-variant-caps: normal; orphans: 2; widows: 2; -webkit-text-stroke-width: 0px; text-decoration-thickness: initial; text-decoration-style: initial; text-decoration-color: initial; word-spacing: 0px;\"><span style=\"color: #212529;\">Sipas Bash\u00ebs, p\u00ebr q\u00ebllime elektorale numri i t\u00eb pun\u00ebsuarve n\u00eb administrat\u00ebn publike, ka arritur shifr\u00ebn rekord prej 182.5 mij\u00eb personash.<\/span><\/p>\n<p style=\"margin-top: 0in; background: white; box-sizing: border-box; margin-bottom: 1rem; font-variant-ligatures: normal; font-variant-caps: normal; orphans: 2; widows: 2; -webkit-text-stroke-width: 0px; text-decoration-thickness: initial; text-decoration-style: initial; text-decoration-color: initial; word-spacing: 0px;\"><em style=\"box-sizing: border-box;\"><span style=\"color: #212529;\">\u201cRama premtoi nj\u00eb administrat\u00eb publike efikase dhe me num\u00ebr t\u00eb vog\u00ebl punonj\u00ebsish. A e ka mbajtur k\u00ebt\u00eb premtim? P\u00ebrgjigja jo.<\/span><\/em><\/p>\n<p style=\"margin-top: 0in; background: white; box-sizing: border-box; margin-bottom: 1rem; font-variant-ligatures: normal; font-variant-caps: normal; orphans: 2; widows: 2; -webkit-text-stroke-width: 0px; text-decoration-thickness: initial; text-decoration-style: initial; text-decoration-color: initial; word-spacing: 0px;\"><em style=\"box-sizing: border-box;\"><span style=\"color: #212529;\">P\u00ebr q\u00ebllime elektorale, numri i t\u00eb pun\u00ebsuarve n\u00eb administrat\u00ebn publike arriti shifr\u00ebn rekord prej 182.5 mij\u00eb persona. Fryrja e administrat\u00ebs p\u00ebr q\u00ebllime elektorale r\u00ebndon edhe m\u00eb shum\u00eb qytetar\u00ebt shqiptar\u00eb\u201d<\/span><\/em><span style=\"color: #212529;\">, shkruan Basha.<\/span><\/p>","protected":false},"excerpt":{"rendered":"<p>Lideri demokrat Lulzim Basha, e ka nisur dit\u00ebn me nj\u00eb akuz\u00eb p\u00ebr kreun e qeveris\u00eb Edi Rama. Basha thot\u00eb se Rama premtoi administrat\u00eb publike me num\u00ebr t\u00eb vog\u00ebl punonj\u00ebsish, por nuk e ka mbajtur k\u00ebt\u00eb premtim. Sipas Bash\u00ebs, p\u00ebr q\u00ebllime elektorale numri i t\u00eb pun\u00ebsuarve n\u00eb administrat\u00ebn publike, ka arritur shifr\u00ebn rekord prej 182.5 mij\u00eb [&hellip;]<\/p>\n","protected":false},"author":2016,"featured_media":176704,"comment_status":"closed","ping_status":"closed","sticky":false,"template":"","format":"standard","meta":{"footnotes":""},"categories":[241,1454],"tags":[2284],"class_list":{"0":"post-176700","1":"post","2":"type-post","3":"status-publish","4":"format-standard","5":"has-post-thumbnail","7":"category-aktualitet","8":"category-politike","9":"tag-lajme-zjarr-basha-rama-ska-mbajtur-premtimet-zjarr-tv"},"_links":{"self":[{"href":"https:\/\/zjarr.tv\/en\/wp-json\/wp\/v2\/posts\/176700","targetHints":{"allow":["GET"]}}],"collection":[{"href":"https:\/\/zjarr.tv\/en\/wp-json\/wp\/v2\/posts"}],"about":[{"href":"https:\/\/zjarr.tv\/en\/wp-json\/wp\/v2\/types\/post"}],"author":[{"embeddable":true,"href":"https:\/\/zjarr.tv\/en\/wp-json\/wp\/v2\/users\/2016"}],"replies":[{"embeddable":true,"href":"https:\/\/zjarr.tv\/en\/wp-json\/wp\/v2\/comments?post=176700"}],"version-history":[{"count":0,"href":"https:\/\/zjarr.tv\/en\/wp-json\/wp\/v2\/posts\/176700\/revisions"}],"wp:featuredmedia":[{"embeddable":true,"href":"https:\/\/zjarr.tv\/en\/wp-json\/wp\/v2\/media\/176704"}],"wp:attachment":[{"href":"https:\/\/zjarr.tv\/en\/wp-json\/wp\/v2\/media?parent=176700"}],"wp:term":[{"taxonomy":"category","embeddable":true,"href":"https:\/\/zjarr.tv\/en\/wp-json\/wp\/v2\/categories?post=176700"},{"taxonomy":"post_tag","embeddable":true,"href":"https:\/\/zjarr.tv\/en\/wp-json\/wp\/v2\/tags?post=176700"}],"curies":[{"name":"wp","href":"https:\/\/api.w.org\/{rel}","templated":true}]}}