{"id":176712,"date":"2021-04-10T10:47:41","date_gmt":"2021-04-10T08:47:41","guid":{"rendered":"https:\/\/zjarr.tv\/?p=176712"},"modified":"2021-04-10T11:01:30","modified_gmt":"2021-04-10T09:01:30","slug":"arian-cani-ben-paralajmerim-e-forte-beni-gati-cantat-dhe-ikni-te-gjithe-ikni-urgjent-ketu-do-te-behet-kasaphane","status":"publish","type":"post","link":"https:\/\/zjarr.tv\/en\/arian-cani-ben-paralajmerim-e-forte-beni-gati-cantat-dhe-ikni-te-gjithe-ikni-urgjent-ketu-do-te-behet-kasaphane\/","title":{"rendered":"Arian \u00c7ani b\u00ebn paralajm\u00ebrim e fort\u00eb: B\u00ebni gati \u00e7antat dhe ikni t\u00eb gjith\u00eb, ikni urgjent, k\u00ebtu do t\u00eb b\u00ebhet kasaphan\u00eb\u2026"},"content":{"rendered":"<p>Moderatori Arian \u00c7ani, ka b\u00ebr\u00eb nj\u00eb paralajm\u00ebrim t\u00eb fort\u00eb, pasi u shpreh se n\u00eb Shqi\u00ebpri, do t\u00eb b\u00ebhet kasaphan\u00eb.<\/p>\n<p>\u00c7ani u ka b\u00ebr\u00eb thirrje qytetar\u00ebve, q\u00eb t\u00eb largohen urgjent nga Shqip\u00ebria drejt Europ\u00ebs Per\u00ebndimore, pasi nuk e kan\u00eb iden\u00eb se \u00e7far\u00eb do t\u00eb ndodh\u00eb k\u00ebtu.<\/p>\n<p><strong style=\"font-style: inherit;\">Paralajm\u00ebrimi i \u00c7anit:<\/strong><\/p>\n<p><em style=\"font-weight: inherit;\"> \u201cB\u00ebni gati \u00e7antat dhe ikni t\u00eb gjith\u00eb ata q\u00eb m\u00eb ngjajn\u00eb mua. Nuk jua them kot. Nuk e imagjinoni dot se \u00e7far\u00eb pritet t\u00eb ndodh\u00eb k\u00ebtu. T\u00eb gjith\u00eb ju q\u00eb s\u2019ndjeheni k\u00ebtu fare, urgjent. Do t\u00eb b\u00ebhet kasaphan\u00eb. Duhet t\u00eb ikin n\u00eb Europ\u00ebn Per\u00ebndimore. T\u00eb gjejn\u00eb mund\u00ebsin\u00eb t\u00eb ikin. Nuk mund ta imagjinoni se \u00e7far\u00eb do t\u00eb ndodh\u00eb n\u00eb k\u00ebt\u00eb vend\u201d, <\/em><em>\u00ebsht\u00eb shprehur <\/em>\u00a0\u00c7ani.<\/p>","protected":false},"excerpt":{"rendered":"<p>Moderatori Arian \u00c7ani, ka b\u00ebr\u00eb nj\u00eb paralajm\u00ebrim t\u00eb fort\u00eb, pasi u shpreh se n\u00eb Shqi\u00ebpri, do t\u00eb b\u00ebhet kasaphan\u00eb. \u00c7ani u ka b\u00ebr\u00eb thirrje qytetar\u00ebve, q\u00eb t\u00eb largohen urgjent nga Shqip\u00ebria drejt Europ\u00ebs Per\u00ebndimore, pasi nuk e kan\u00eb iden\u00eb se \u00e7far\u00eb do t\u00eb ndodh\u00eb k\u00ebtu. Paralajm\u00ebrimi i \u00c7anit: \u201cB\u00ebni gati \u00e7antat dhe ikni t\u00eb gjith\u00eb [&hellip;]<\/p>\n","protected":false},"author":2016,"featured_media":176714,"comment_status":"closed","ping_status":"closed","sticky":false,"template":"","format":"standard","meta":{"footnotes":""},"categories":[241],"tags":[2286],"class_list":{"0":"post-176712","1":"post","2":"type-post","3":"status-publish","4":"format-standard","5":"has-post-thumbnail","7":"category-aktualitet","8":"tag-lajme-zjarr-cani-ben-paralajmerim-e-forte-zjarr-tv"},"_links":{"self":[{"href":"https:\/\/zjarr.tv\/en\/wp-json\/wp\/v2\/posts\/176712","targetHints":{"allow":["GET"]}}],"collection":[{"href":"https:\/\/zjarr.tv\/en\/wp-json\/wp\/v2\/posts"}],"about":[{"href":"https:\/\/zjarr.tv\/en\/wp-json\/wp\/v2\/types\/post"}],"author":[{"embeddable":true,"href":"https:\/\/zjarr.tv\/en\/wp-json\/wp\/v2\/users\/2016"}],"replies":[{"embeddable":true,"href":"https:\/\/zjarr.tv\/en\/wp-json\/wp\/v2\/comments?post=176712"}],"version-history":[{"count":0,"href":"https:\/\/zjarr.tv\/en\/wp-json\/wp\/v2\/posts\/176712\/revisions"}],"wp:featuredmedia":[{"embeddable":true,"href":"https:\/\/zjarr.tv\/en\/wp-json\/wp\/v2\/media\/176714"}],"wp:attachment":[{"href":"https:\/\/zjarr.tv\/en\/wp-json\/wp\/v2\/media?parent=176712"}],"wp:term":[{"taxonomy":"category","embeddable":true,"href":"https:\/\/zjarr.tv\/en\/wp-json\/wp\/v2\/categories?post=176712"},{"taxonomy":"post_tag","embeddable":true,"href":"https:\/\/zjarr.tv\/en\/wp-json\/wp\/v2\/tags?post=176712"}],"curies":[{"name":"wp","href":"https:\/\/api.w.org\/{rel}","templated":true}]}}