{"id":176723,"date":"2021-04-10T11:25:34","date_gmt":"2021-04-10T09:25:34","guid":{"rendered":"https:\/\/zjarr.tv\/?p=176723"},"modified":"2021-04-10T11:37:48","modified_gmt":"2021-04-10T09:37:48","slug":"meta-zbulon-prapaskenat-e-ftova-damian-gjiknurin-ne-takim-ne-pranine-e-gazetareve-nuk-do-ti-ndahem-vlores-diten-dhe-naten","status":"publish","type":"post","link":"https:\/\/zjarr.tv\/en\/meta-zbulon-prapaskenat-e-ftova-damian-gjiknurin-ne-takim-ne-pranine-e-gazetareve-nuk-do-ti-ndahem-vlores-diten-dhe-naten\/","title":{"rendered":"Meta zbulon prapaskenat: E ftova Damian Gjiknurin n\u00eb takim n\u00eb pranin\u00eb e gazetar\u00ebve, nuk do t\u2019i ndahem Vlor\u00ebs dit\u00ebn dhe nat\u00ebn\u2026"},"content":{"rendered":"<p>Presidenti Ilir Meta:<\/p>\n<p><em>&#8220;S\u00eb pari un\u00eb dje kam pasur nj\u00eb dark\u00eb informale me t\u00eb gjith\u00eb gazetar\u00ebt e Vlor\u00ebs, n\u00eb k\u00ebt\u00eb dark\u00eb kan\u00eb qen\u00eb t\u00eb ftuar dhe zoti Bujar Leskaj, dhe zoti Damian Gjiknuri, t\u00eb cilin\u00a0 ftova vet\u00eb p\u00ebrmes nj\u00eb telefonate, se shpeshher\u00eb \u00ebsht\u00eb i detyruar nga kryeministri q\u00eb t\u00eb shpif\u00eb p\u00ebr mua. Darka e djeshme kishte fokus transparenc\u00ebn zgjedhore, q\u00eb Vlora t\u00eb jet\u00eb nj\u00eb shembull i mbajtjes s\u00eb zgjedhjeve. Deri n\u00eb 26 Prill do t\u00eb jem n\u00eb Vlor\u00eb, dit\u00ebn dhe nat\u00ebn, duhet ta ken\u00eb t\u00eb qart\u00eb se \u00e7do skenar i zi do t\u00eb jet\u00eb i papranuesh\u00ebm. Ai ka shqet\u00ebsimin se Ilir Meta p\u00ebrpiqet dhe b\u00ebn gjith\u00e7ka p\u00ebr t\u00eb garantuar zgjedhje t\u00eb lira dhe t\u00eb ndershme&#8221;<\/em>.<\/p>\n<p>&nbsp;<\/p>","protected":false},"excerpt":{"rendered":"<p>Presidenti Ilir Meta: &#8220;S\u00eb pari un\u00eb dje kam pasur nj\u00eb dark\u00eb informale me t\u00eb gjith\u00eb gazetar\u00ebt e Vlor\u00ebs, n\u00eb k\u00ebt\u00eb dark\u00eb kan\u00eb qen\u00eb t\u00eb ftuar dhe zoti Bujar Leskaj, dhe zoti Damian Gjiknuri, t\u00eb cilin\u00a0 ftova vet\u00eb p\u00ebrmes nj\u00eb telefonate, se shpeshher\u00eb \u00ebsht\u00eb i detyruar nga kryeministri q\u00eb t\u00eb shpif\u00eb p\u00ebr mua. Darka e djeshme [&hellip;]<\/p>\n","protected":false},"author":2016,"featured_media":176725,"comment_status":"closed","ping_status":"closed","sticky":false,"template":"","format":"standard","meta":{"footnotes":""},"categories":[241],"tags":[2289],"class_list":{"0":"post-176723","1":"post","2":"type-post","3":"status-publish","4":"format-standard","5":"has-post-thumbnail","7":"category-aktualitet","8":"tag-lajme-zjarr-meta-zbulon-prapaskenat-zjarr-tv"},"_links":{"self":[{"href":"https:\/\/zjarr.tv\/en\/wp-json\/wp\/v2\/posts\/176723","targetHints":{"allow":["GET"]}}],"collection":[{"href":"https:\/\/zjarr.tv\/en\/wp-json\/wp\/v2\/posts"}],"about":[{"href":"https:\/\/zjarr.tv\/en\/wp-json\/wp\/v2\/types\/post"}],"author":[{"embeddable":true,"href":"https:\/\/zjarr.tv\/en\/wp-json\/wp\/v2\/users\/2016"}],"replies":[{"embeddable":true,"href":"https:\/\/zjarr.tv\/en\/wp-json\/wp\/v2\/comments?post=176723"}],"version-history":[{"count":0,"href":"https:\/\/zjarr.tv\/en\/wp-json\/wp\/v2\/posts\/176723\/revisions"}],"wp:featuredmedia":[{"embeddable":true,"href":"https:\/\/zjarr.tv\/en\/wp-json\/wp\/v2\/media\/176725"}],"wp:attachment":[{"href":"https:\/\/zjarr.tv\/en\/wp-json\/wp\/v2\/media?parent=176723"}],"wp:term":[{"taxonomy":"category","embeddable":true,"href":"https:\/\/zjarr.tv\/en\/wp-json\/wp\/v2\/categories?post=176723"},{"taxonomy":"post_tag","embeddable":true,"href":"https:\/\/zjarr.tv\/en\/wp-json\/wp\/v2\/tags?post=176723"}],"curies":[{"name":"wp","href":"https:\/\/api.w.org\/{rel}","templated":true}]}}