{"id":176732,"date":"2021-04-10T12:07:12","date_gmt":"2021-04-10T10:07:12","guid":{"rendered":"https:\/\/zjarr.tv\/?p=176732"},"modified":"2021-04-10T12:07:12","modified_gmt":"2021-04-10T10:07:12","slug":"ndahet-nga-jeta-kreu-i-shoqates-patriotike-cameria-babai-i-aktivistit-genc-sejko-te-zotit-jemi-e-tek-ai-do-kthehemi","status":"publish","type":"post","link":"https:\/\/zjarr.tv\/en\/ndahet-nga-jeta-kreu-i-shoqates-patriotike-cameria-babai-i-aktivistit-genc-sejko-te-zotit-jemi-e-tek-ai-do-kthehemi\/","title":{"rendered":"Ndahet nga jeta kreu i Shoqat\u00ebs Patriotike \u201c\u00c7am\u00ebria\u201d, babai i aktivistit Genc Sejko: T\u00eb Zotit jemi e tek ai do kthehemi"},"content":{"rendered":"<p>\u00cbsht\u00eb ndar\u00eb nga jeta n\u00eb mosh\u00ebn 75-vje\u00e7are kreu i Shoqat\u00ebs Patriotike \u201c\u00c7am\u00ebria\u201d, Hektor Sejko. Ai lindi n\u00eb n\u00eb Gjirokast\u00ebr n\u00eb 18 korrik t\u00eb vitit 1946, dhe vinte nga nj\u00eb familje patriotike nga Filati i \u00c7am\u00ebris\u00eb. Sejko \u00ebsht\u00eb babai i aktivistit t\u00eb njohur Genc Sejko, dhe nj\u00eb njeri i jet\u00ebs publike n\u00eb Shqip\u00ebri.<\/p>\n<p>P\u00ebr ndarjen nga jeta t\u00eb Sejkos ka reaguar dhe PDIU s\u00eb bashku me shoqat\u00ebn patriotike \u201c\u00c7am\u00ebria\u201d.<\/p>\n<p><em>\u201cHumb\u00ebm nj\u00eb patriot t\u00eb madh, Hektor Sejko nuk reshti s\u00eb punuari p\u00ebr amanetin e \u00c7am\u00ebris\u00eb\u201d, thuhet n\u00eb ngush\u00ebllimin e PDIU-s\u00eb.<\/em><\/p>\n<p><em>Sejko pritet t\u00eb p\u00ebrcillet sot p\u00ebr n\u00eb banes\u00ebn e fundit, nd\u00ebrkoh\u00eb q\u00eb familja ka shp\u00ebrndar\u00eb edhe mesazhin e lamtumir\u00ebs.<\/em><\/p>\n<p><em>\u201cI lart\u00ebsuar \u00ebsht\u00eb ai q\u00eb krijoi vdekjen t\u00eb cil\u00ebn \u00e7do shpirt do ta provoj\u00eb. \u00a0T\u00eb Zotit jemi e tek ai do kthehemi. \u00a0Sot nd\u00ebrroi jet\u00eb babai yn\u00eb Hektor Sejko. E lus Zotin e gjith\u00ebsis\u00eb q\u00eb ta m\u00ebshiroj\u00eb shpirtin e tij dhe ta b\u00ebj\u00eb prej banor\u00ebve t\u00eb xhenetit.<\/em><\/p>\n<p><em>Pritja dhe p\u00ebrcjellja p\u00ebr n\u00eb varreza do b\u00ebhet tek restorant \u201cInternacional\u201d pas ish \u201cLidhja e shkrimtar\u00ebve\u201d<\/em><\/p>\n<p><em>Namazi i xhenazes do t\u00eb falet n\u00eb xhamin\u00eb Dine Hoxha pas namazit t\u00eb drek\u00ebs dhe varrimi do kryhet n\u00eb varrezat \u201cSharr\u00eb\u201d ne oren 13:30. Lamtumir\u00eb bab\u00eb! Zoti t\u00eb past\u00eb n\u00eb kujdesin e tij\u201d<\/em>, shkruan i biri Genc Sejko n\u00eb postimin e tij.<\/p>","protected":false},"excerpt":{"rendered":"<p>\u00cbsht\u00eb ndar\u00eb nga jeta n\u00eb mosh\u00ebn 75-vje\u00e7are kreu i Shoqat\u00ebs Patriotike \u201c\u00c7am\u00ebria\u201d, Hektor Sejko. Ai lindi n\u00eb n\u00eb Gjirokast\u00ebr n\u00eb 18 korrik t\u00eb vitit 1946, dhe vinte nga nj\u00eb familje patriotike nga Filati i \u00c7am\u00ebris\u00eb. Sejko \u00ebsht\u00eb babai i aktivistit t\u00eb njohur Genc Sejko, dhe nj\u00eb njeri i jet\u00ebs publike n\u00eb Shqip\u00ebri. P\u00ebr ndarjen nga [&hellip;]<\/p>\n","protected":false},"author":2030,"featured_media":176738,"comment_status":"closed","ping_status":"closed","sticky":false,"template":"","format":"standard","meta":{"footnotes":""},"categories":[241],"tags":[451,2292,329],"class_list":{"0":"post-176732","1":"post","2":"type-post","3":"status-publish","4":"format-standard","5":"has-post-thumbnail","7":"category-aktualitet","8":"tag-lajme-zjarr","9":"tag-ndahet-nga-jeta-kreu-i-shoqates-patriotike-cameria","10":"tag-zjarr-tv"},"_links":{"self":[{"href":"https:\/\/zjarr.tv\/en\/wp-json\/wp\/v2\/posts\/176732","targetHints":{"allow":["GET"]}}],"collection":[{"href":"https:\/\/zjarr.tv\/en\/wp-json\/wp\/v2\/posts"}],"about":[{"href":"https:\/\/zjarr.tv\/en\/wp-json\/wp\/v2\/types\/post"}],"author":[{"embeddable":true,"href":"https:\/\/zjarr.tv\/en\/wp-json\/wp\/v2\/users\/2030"}],"replies":[{"embeddable":true,"href":"https:\/\/zjarr.tv\/en\/wp-json\/wp\/v2\/comments?post=176732"}],"version-history":[{"count":0,"href":"https:\/\/zjarr.tv\/en\/wp-json\/wp\/v2\/posts\/176732\/revisions"}],"wp:featuredmedia":[{"embeddable":true,"href":"https:\/\/zjarr.tv\/en\/wp-json\/wp\/v2\/media\/176738"}],"wp:attachment":[{"href":"https:\/\/zjarr.tv\/en\/wp-json\/wp\/v2\/media?parent=176732"}],"wp:term":[{"taxonomy":"category","embeddable":true,"href":"https:\/\/zjarr.tv\/en\/wp-json\/wp\/v2\/categories?post=176732"},{"taxonomy":"post_tag","embeddable":true,"href":"https:\/\/zjarr.tv\/en\/wp-json\/wp\/v2\/tags?post=176732"}],"curies":[{"name":"wp","href":"https:\/\/api.w.org\/{rel}","templated":true}]}}