{"id":176743,"date":"2021-04-10T12:25:47","date_gmt":"2021-04-10T10:25:47","guid":{"rendered":"https:\/\/zjarr.tv\/?p=176743"},"modified":"2021-04-10T12:27:14","modified_gmt":"2021-04-10T10:27:14","slug":"i-hoqen-simbolin-e-pd-se-nga-xhami-i-makines-dentistja-durrsake-nuk-dorezohet-parkon-mjetin-e-saj-ne-dere-te","status":"publish","type":"post","link":"https:\/\/zjarr.tv\/en\/i-hoqen-simbolin-e-pd-se-nga-xhami-i-makines-dentistja-durrsake-nuk-dorezohet-parkon-mjetin-e-saj-ne-dere-te\/","title":{"rendered":"I hoq\u00ebn simbolin e PD-s\u00eb nga xhami i makin\u00ebs, dentistja durrsake nuk dor\u00ebzohet, parkon mjetin e saj n\u00eb der\u00eb t\u00eb\u2026"},"content":{"rendered":"<p>Dit\u00ebn e djeshme, \u00ebsht\u00eb p\u00ebrballur me nj\u00eb incident, sepse ajo ka shfaqur haptazi bindjet e saj politike. N\u00ebp\u00ebrmjet nj\u00eb postimi n\u00eb rrjetin social \u201cFacebook\u201d, dentistja Eldona Sipri, \u00a0denoncuar faktin se adezivi\u00a0q\u00eb kishte vendosur n\u00eb xhamin e makin\u00ebs, ku shkruhej \u201cVoto 9, Partia Demokratike\u201d,\u00a0i \u00ebsht\u00eb shkulur nga ata q\u00eb ajo i quan \u201celement\u00eb t\u00eb jasht\u00ebm n\u00eb k\u00ebt\u00eb zon\u00eb\u201d.<\/p>\n<p>Nd\u00ebrsa publikon foton q\u00eb d\u00ebshmon se logoja nuk \u00ebsht\u00eb m\u00eb n\u00eb xhamin e makin\u00ebs s\u00eb saj, ajo \u00ebsht\u00eb kund\u00ebrp\u00ebrgjigjur me nj\u00eb veprim surprizues.<\/p>\n<p>N\u00eb videon e publikuar, dentistja Sipri, ka filmuar automjetin e saj, ku duket qart\u00eb nj\u00eb flamur i PD-s\u00eb, k\u00ebt\u00eb her\u00eb brenda xhamit t\u00eb makin\u00ebs, nd\u00ebrsa mjeti q\u00ebndron i parkuar para shtabit elektoral t\u00eb kandidatit p\u00ebr deputet, socialistit Jurgis \u00c7yrbja.<\/p>\n<p>Sakaq, dentistja shpreh hapur mb\u00ebshtetjen e saj, p\u00ebr kandidaten e PD-s\u00eb n\u00eb k\u00ebt\u00eb zon\u00eb, Manjola Luku.<\/p>\n<p><em>\u201cUn\u00eb improvizova nj\u00eb flamur brenda xhamit dhe ndryshe nga ju, un\u00eb nuk shqyej postera por ta l\u00eb makin\u00ebn aty q\u00eb \u00c7yrbja me shok\u00eb t\u00eb shoh\u00eb q\u00eb n\u00eb k\u00ebto zona ka njer\u00ebz si @manjolaluku q\u00eb jan\u00eb pran\u00eb njer\u00ebzve me veprime njer\u00ebzore dhe konkurenc\u00eb demoralizuese q\u00eb i d\u00ebrgoi faktor\u00ebt e jasht\u00ebm n\u00eb nj\u00eb veprim t\u00eb ul\u00ebt si<\/em>\u00a0ky\u201d, shkruan Eldona Sipri.<\/p>\n<p>&nbsp;<\/p>","protected":false},"excerpt":{"rendered":"<p>Dit\u00ebn e djeshme, \u00ebsht\u00eb p\u00ebrballur me nj\u00eb incident, sepse ajo ka shfaqur haptazi bindjet e saj politike. N\u00ebp\u00ebrmjet nj\u00eb postimi n\u00eb rrjetin social \u201cFacebook\u201d, dentistja Eldona Sipri, \u00a0denoncuar faktin se adezivi\u00a0q\u00eb kishte vendosur n\u00eb xhamin e makin\u00ebs, ku shkruhej \u201cVoto 9, Partia Demokratike\u201d,\u00a0i \u00ebsht\u00eb shkulur nga ata q\u00eb ajo i quan \u201celement\u00eb t\u00eb jasht\u00ebm n\u00eb [&hellip;]<\/p>\n","protected":false},"author":2016,"featured_media":176745,"comment_status":"closed","ping_status":"closed","sticky":false,"template":"","format":"standard","meta":{"footnotes":""},"categories":[241],"tags":[2293],"class_list":{"0":"post-176743","1":"post","2":"type-post","3":"status-publish","4":"format-standard","5":"has-post-thumbnail","7":"category-aktualitet","8":"tag-lajme-zjarr-dentistja-durrsake-nuk-dorezohet-zjarr-tv"},"_links":{"self":[{"href":"https:\/\/zjarr.tv\/en\/wp-json\/wp\/v2\/posts\/176743","targetHints":{"allow":["GET"]}}],"collection":[{"href":"https:\/\/zjarr.tv\/en\/wp-json\/wp\/v2\/posts"}],"about":[{"href":"https:\/\/zjarr.tv\/en\/wp-json\/wp\/v2\/types\/post"}],"author":[{"embeddable":true,"href":"https:\/\/zjarr.tv\/en\/wp-json\/wp\/v2\/users\/2016"}],"replies":[{"embeddable":true,"href":"https:\/\/zjarr.tv\/en\/wp-json\/wp\/v2\/comments?post=176743"}],"version-history":[{"count":0,"href":"https:\/\/zjarr.tv\/en\/wp-json\/wp\/v2\/posts\/176743\/revisions"}],"wp:featuredmedia":[{"embeddable":true,"href":"https:\/\/zjarr.tv\/en\/wp-json\/wp\/v2\/media\/176745"}],"wp:attachment":[{"href":"https:\/\/zjarr.tv\/en\/wp-json\/wp\/v2\/media?parent=176743"}],"wp:term":[{"taxonomy":"category","embeddable":true,"href":"https:\/\/zjarr.tv\/en\/wp-json\/wp\/v2\/categories?post=176743"},{"taxonomy":"post_tag","embeddable":true,"href":"https:\/\/zjarr.tv\/en\/wp-json\/wp\/v2\/tags?post=176743"}],"curies":[{"name":"wp","href":"https:\/\/api.w.org\/{rel}","templated":true}]}}