{"id":176771,"date":"2021-04-10T13:48:43","date_gmt":"2021-04-10T11:48:43","guid":{"rendered":"https:\/\/zjarr.tv\/?p=176771"},"modified":"2021-04-10T13:51:45","modified_gmt":"2021-04-10T11:51:45","slug":"kamione-e-betoniere-paralizojne-tiranen-nga-trafiku-drishti-faleminderit-lali-eri-qe-na-bllokon-cdo-dite-trafikun","status":"publish","type":"post","link":"https:\/\/zjarr.tv\/en\/kamione-e-betoniere-paralizojne-tiranen-nga-trafiku-drishti-faleminderit-lali-eri-qe-na-bllokon-cdo-dite-trafikun\/","title":{"rendered":"Kamion\u00eb e betoniere paralizojn\u00eb Tiran\u00ebn nga trafiku\/Ismet Drishti:Faleminderit lali Eri q\u00eb na bllokon \u00e7do dit\u00eb trafikun"},"content":{"rendered":"<p>N\u00eb mes t\u00eb dit\u00ebs duken betoniere e mjete te tonazhit t\u00eb r\u00ebnd\u00eb qe kalojn\u00eb n\u00eb rrug\u00ebt e kryeqytetit sjellin \u00a0nj\u00eb ngarkes\u00eb \u00a0t\u00eb \u00a0madhe t\u00eb trafikut .<\/p>\n<p>Vidioja \u00ebsht\u00eb filmuar sot nga pronari i Zjarr TV ,Ismet Drishti ku edhe \u201cfalenderon lali Erin p\u00ebr kotributin q\u00eb jep n\u00eb krijimin e k\u00ebtij makthi p\u00ebr qytetar\u00ebt,trafikun\u201d<\/p>\n<p>I pyetur para pak dit\u00ebsh n\u00eb lidhje me k\u00ebt\u00eb eksperti i siguris\u00eb rrugore, Artur Sul\u00e7e, thot\u00eb se trafiku n\u00eb Tiran\u00eb shkaktohet edhe nga mungesa e nj\u00eb studimi konkret dhe p\u00ebr k\u00ebt\u00eb akuzon bashkin\u00eb e Tiran\u00ebs.<\/p>\n<p>\u201cTirana ka nevoj\u00eb p\u00ebr nj\u00eb studim, jo studim p\u00ebr t\u00eb marr\u00eb lek\u00eb si\u00e7 i b\u00ebjn\u00eb disa drejtor\u00eb q\u00eb jan\u00eb t\u00eb lidhur me kryetarin e bashkis\u00eb, por nj\u00eb studim real n\u00eb funksion t\u00eb matjes s\u00eb trafikut, n\u00eb funksion t\u00eb 160 km q\u00eb ka Tirana rrug\u00eb dhe duke u bazuar te sistemi radial i saj unazor t\u00eb b\u00ebhet nj\u00eb llogaritje e sakt\u00eb dhe t\u00eb rinovohen ose t\u00eb rikonstruktohet infrastruktura rrugore dhe t\u00eb jene zgjidhjet reale. N\u00eb qytetin e Tiran\u00ebs, n\u00eb bashkin\u00eb e Tiran\u00ebs nuk merret askush me rregullimin dhe menaxhimin e trafikut.\u201d<\/p>\n<div class=\"youtube-embed\" data-video_id=\"bVYJJMYOHTc\"><iframe loading=\"lazy\" title=\"Kamion\u00ebt e Erion Veliajt n\u00eb rrug\u00eb t\u00eb Kavaj\u00ebs n\u00eb mes t\u00eb dit\u00ebs.\" width=\"696\" height=\"392\" src=\"https:\/\/www.youtube.com\/embed\/bVYJJMYOHTc?feature=oembed&#038;enablejsapi=1\" frameborder=\"0\" allow=\"accelerometer; autoplay; clipboard-write; encrypted-media; gyroscope; picture-in-picture\" allowfullscreen><\/iframe><\/div>","protected":false},"excerpt":{"rendered":"<p>N\u00eb mes t\u00eb dit\u00ebs duken betoniere e mjete te tonazhit t\u00eb r\u00ebnd\u00eb qe kalojn\u00eb n\u00eb rrug\u00ebt e kryeqytetit sjellin \u00a0nj\u00eb ngarkes\u00eb \u00a0t\u00eb \u00a0madhe t\u00eb trafikut . Vidioja \u00ebsht\u00eb filmuar sot nga pronari i Zjarr TV ,Ismet Drishti ku edhe \u201cfalenderon lali Erin p\u00ebr kotributin q\u00eb jep n\u00eb krijimin e k\u00ebtij makthi p\u00ebr qytetar\u00ebt,trafikun\u201d I pyetur [&hellip;]<\/p>\n","protected":false},"author":2031,"featured_media":176773,"comment_status":"closed","ping_status":"closed","sticky":false,"template":"","format":"standard","meta":{"footnotes":""},"categories":[231],"tags":[408,305,312,440,329],"class_list":{"0":"post-176771","1":"post","2":"type-post","3":"status-publish","4":"format-standard","5":"has-post-thumbnail","7":"category-lajme","8":"tag-erion-veliaj","9":"tag-ismet-drishti","10":"tag-lajme","11":"tag-trafik","12":"tag-zjarr-tv"},"_links":{"self":[{"href":"https:\/\/zjarr.tv\/en\/wp-json\/wp\/v2\/posts\/176771","targetHints":{"allow":["GET"]}}],"collection":[{"href":"https:\/\/zjarr.tv\/en\/wp-json\/wp\/v2\/posts"}],"about":[{"href":"https:\/\/zjarr.tv\/en\/wp-json\/wp\/v2\/types\/post"}],"author":[{"embeddable":true,"href":"https:\/\/zjarr.tv\/en\/wp-json\/wp\/v2\/users\/2031"}],"replies":[{"embeddable":true,"href":"https:\/\/zjarr.tv\/en\/wp-json\/wp\/v2\/comments?post=176771"}],"version-history":[{"count":0,"href":"https:\/\/zjarr.tv\/en\/wp-json\/wp\/v2\/posts\/176771\/revisions"}],"wp:featuredmedia":[{"embeddable":true,"href":"https:\/\/zjarr.tv\/en\/wp-json\/wp\/v2\/media\/176773"}],"wp:attachment":[{"href":"https:\/\/zjarr.tv\/en\/wp-json\/wp\/v2\/media?parent=176771"}],"wp:term":[{"taxonomy":"category","embeddable":true,"href":"https:\/\/zjarr.tv\/en\/wp-json\/wp\/v2\/categories?post=176771"},{"taxonomy":"post_tag","embeddable":true,"href":"https:\/\/zjarr.tv\/en\/wp-json\/wp\/v2\/tags?post=176771"}],"curies":[{"name":"wp","href":"https:\/\/api.w.org\/{rel}","templated":true}]}}