{"id":176944,"date":"2021-04-11T16:50:04","date_gmt":"2021-04-11T14:50:04","guid":{"rendered":"https:\/\/zjarr.tv\/?p=176944"},"modified":"2021-04-11T16:50:04","modified_gmt":"2021-04-11T14:50:04","slug":"ne-seline-e-ps-jane-instaluar-servera-dhe-kompjutera-qe-pergjojne-qytetaret-reagon-balla-o-shpifesa-te-deshperuar-ne-kemi-databazen-tone","status":"publish","type":"post","link":"https:\/\/zjarr.tv\/en\/ne-seline-e-ps-jane-instaluar-servera-dhe-kompjutera-qe-pergjojne-qytetaret-reagon-balla-o-shpifesa-te-deshperuar-ne-kemi-databazen-tone\/","title":{"rendered":"N\u00eb selin\u00eb e PS jan\u00eb instaluar servera dhe kompjutera q\u00eb p\u00ebrgjojn\u00eb qytetar\u00ebt, reagon Balla: O shpif\u00ebsa t\u00eb d\u00ebshp\u00ebruar, ne kemi databaz\u00ebn tone"},"content":{"rendered":"<p>Taulant Balla i \u00ebsht\u00eb p\u00ebrgjigjur akuzave t\u00eb ngritura nga Partia Demokratike, se n\u00eb selin\u00eb e Partis\u00eb Socialiste jan\u00eb instaluar servera dhe kompjutera q\u00eb p\u00ebrdorin t\u00eb dh\u00ebnat e siguruara nga e-Albania p\u00ebr t\u00eb monitoruar qytetar\u00ebt.<\/p>\n<p>P\u00ebrmes nj\u00eb postimi n\u00eb facebook Balla shprehet se se nj\u00eb gj\u00eb e till\u00eb nuk \u00ebsht\u00eb e v\u00ebrtet\u00eb pasi PS ka databaz\u00ebn e saj t\u00eb t\u00eb dh\u00ebnave t\u00eb krijuar prej koh\u00ebsh.<\/p>\n<p>Postimi i plot\u00eb i Taulant Ball\u00ebs: O shpif\u00ebsa t\u00eb d\u00ebshp\u00ebruar! Partia Socialiste ka databaz\u00ebn e saj t\u00eb t\u00eb dh\u00ebnave t\u00eb krijuar me vite t\u00eb t\u00ebra organizimi dhe komunikimi der\u00eb m\u00eb der\u00eb me njer\u00ebzit.<\/p>\n<p>Quhet pun\u00eb n\u00eb terren kjo dhe b\u00ebhet me kontakte direkte jo me makina e me flamunj, prandaj prisni me qet\u00ebsi 25 prillin dhe mos kujtoni se sa m\u00eb shum\u00eb makina e zhurm\u00eb rrug\u00ebve aq m\u00eb shum\u00eb vota n\u00eb kutin\u00eb ku vendoset e ardhmja!<\/p>","protected":false},"excerpt":{"rendered":"<p>Taulant Balla i \u00ebsht\u00eb p\u00ebrgjigjur akuzave t\u00eb ngritura nga Partia Demokratike, se n\u00eb selin\u00eb e Partis\u00eb Socialiste jan\u00eb instaluar servera dhe kompjutera q\u00eb p\u00ebrdorin t\u00eb dh\u00ebnat e siguruara nga e-Albania p\u00ebr t\u00eb monitoruar qytetar\u00ebt. P\u00ebrmes nj\u00eb postimi n\u00eb facebook Balla shprehet se se nj\u00eb gj\u00eb e till\u00eb nuk \u00ebsht\u00eb e v\u00ebrtet\u00eb pasi PS ka databaz\u00ebn [&hellip;]<\/p>\n","protected":false},"author":2031,"featured_media":176945,"comment_status":"closed","ping_status":"closed","sticky":false,"template":"","format":"standard","meta":{"footnotes":""},"categories":[241,231,235],"tags":[313,312,329],"class_list":{"0":"post-176944","1":"post","2":"type-post","3":"status-publish","4":"format-standard","5":"has-post-thumbnail","7":"category-aktualitet","8":"category-lajme","9":"category-vendi","10":"tag-balla","11":"tag-lajme","12":"tag-zjarr-tv"},"_links":{"self":[{"href":"https:\/\/zjarr.tv\/en\/wp-json\/wp\/v2\/posts\/176944","targetHints":{"allow":["GET"]}}],"collection":[{"href":"https:\/\/zjarr.tv\/en\/wp-json\/wp\/v2\/posts"}],"about":[{"href":"https:\/\/zjarr.tv\/en\/wp-json\/wp\/v2\/types\/post"}],"author":[{"embeddable":true,"href":"https:\/\/zjarr.tv\/en\/wp-json\/wp\/v2\/users\/2031"}],"replies":[{"embeddable":true,"href":"https:\/\/zjarr.tv\/en\/wp-json\/wp\/v2\/comments?post=176944"}],"version-history":[{"count":0,"href":"https:\/\/zjarr.tv\/en\/wp-json\/wp\/v2\/posts\/176944\/revisions"}],"wp:featuredmedia":[{"embeddable":true,"href":"https:\/\/zjarr.tv\/en\/wp-json\/wp\/v2\/media\/176945"}],"wp:attachment":[{"href":"https:\/\/zjarr.tv\/en\/wp-json\/wp\/v2\/media?parent=176944"}],"wp:term":[{"taxonomy":"category","embeddable":true,"href":"https:\/\/zjarr.tv\/en\/wp-json\/wp\/v2\/categories?post=176944"},{"taxonomy":"post_tag","embeddable":true,"href":"https:\/\/zjarr.tv\/en\/wp-json\/wp\/v2\/tags?post=176944"}],"curies":[{"name":"wp","href":"https:\/\/api.w.org\/{rel}","templated":true}]}}